{"id":965,"date":"2021-03-14T18:33:51","date_gmt":"2021-03-14T18:33:51","guid":{"rendered":"http:\/\/www.salonmanifest.ro\/?p=965"},"modified":"2024-05-28T10:24:51","modified_gmt":"2024-05-28T10:24:51","slug":"coafuri-par-scurt-bob-idei-si-imagini","status":"publish","type":"post","link":"https:\/\/salonmanifest.ro\/?p=965","title":{"rendered":"Coafuri Pentru Par Scurt Si Bob"},"content":{"rendered":"\n\t\t<style type=\"text\/css\">\n\t\t\t#gallery-1 {\n\t\t\t\tmargin: auto;\n\t\t\t}\n\t\t\t#gallery-1 .gallery-item {\n\t\t\t\tfloat: left;\n\t\t\t\tmargin-top: 10px;\n\t\t\t\ttext-align: center;\n\t\t\t\twidth: 100%;\n\t\t\t}\n\t\t\t#gallery-1 img {\n\t\t\t\tborder: 2px solid #cfcfcf;\n\t\t\t}\n\t\t\t#gallery-1 .gallery-caption {\n\t\t\t\tmargin-left: 0;\n\t\t\t}\n\t\t\t\/* see gallery_shortcode() in wp-includes\/media.php *\/\n\t\t<\/style>\n\t\t<div id='gallery-1' class='gallery galleryid-965 gallery-columns-1 gallery-size-full'><dl class='gallery-item'>\n\t\t\t<dt class='gallery-icon portrait'>\n\t\t\t\t<img decoding=\"async\" width=\"934\" height=\"1024\" src=\"https:\/\/salonmanifest.ro\/wp-content\/uploads\/2021\/03\/IMG_7290-2-scaled-e1615620324666-934x1024-1.jpg\" class=\"attachment-full size-full\" alt=\"\" srcset=\"https:\/\/salonmanifest.ro\/wp-content\/uploads\/2021\/03\/IMG_7290-2-scaled-e1615620324666-934x1024-1.jpg 934w, https:\/\/salonmanifest.ro\/wp-content\/uploads\/2021\/03\/IMG_7290-2-scaled-e1615620324666-934x1024-1-480x526.jpg 480w\" sizes=\"(min-width: 0px) and (max-width: 480px) 480px, (min-width: 481px) 934px, 100vw\" \/>\n\t\t\t<\/dt><\/dl><br style=\"clear: both\" \/>\n\t\t<\/div>\n\n<p><b>Tunsoarea bob<\/b><span style=\"font-weight: 400;\"> este considerat\u0103 de mai bine de un secol una dintre cele mai elegante coafuri. Clasic\u0103 \u0219i sofisticat\u0103, aceast\u0103 coafur\u0103 eman\u0103 feminitate \u0219i rafinament la fiecare pas. Tunsoarea poate fi adaptat\u0103 dup\u0103 preferin\u021bele \u0219i personalitatea fiec\u0103rei femei \u2013 dac\u0103 e\u0219ti o fire mai \u00eendr\u0103znea\u021b\u0103 po\u021bi opta pentru un bob asimetric cu bucle, iar dac\u0103 preferi ceva mai clasic, o coafur\u0103 bob cu bucle retro ar fi ideal\u0103 pentru tine.\u00a0<\/span><\/p>\n\n\t\t<style type=\"text\/css\">\n\t\t\t#gallery-2 {\n\t\t\t\tmargin: auto;\n\t\t\t}\n\t\t\t#gallery-2 .gallery-item {\n\t\t\t\tfloat: left;\n\t\t\t\tmargin-top: 10px;\n\t\t\t\ttext-align: center;\n\t\t\t\twidth: 100%;\n\t\t\t}\n\t\t\t#gallery-2 img {\n\t\t\t\tborder: 2px solid #cfcfcf;\n\t\t\t}\n\t\t\t#gallery-2 .gallery-caption {\n\t\t\t\tmargin-left: 0;\n\t\t\t}\n\t\t\t\/* see gallery_shortcode() in wp-includes\/media.php *\/\n\t\t<\/style>\n\t\t<div id='gallery-2' class='gallery galleryid-965 gallery-columns-1 gallery-size-full'><dl class='gallery-item'>\n\t\t\t<dt class='gallery-icon portrait'>\n\t\t\t\t<img decoding=\"async\" width=\"1080\" height=\"1350\" src=\"https:\/\/salonmanifest.ro\/wp-content\/uploads\/2021\/03\/manifestsalon_20210314_091052-1.jpg\" class=\"attachment-full size-full\" alt=\"\" srcset=\"https:\/\/salonmanifest.ro\/wp-content\/uploads\/2021\/03\/manifestsalon_20210314_091052-1.jpg 1080w, https:\/\/salonmanifest.ro\/wp-content\/uploads\/2021\/03\/manifestsalon_20210314_091052-1-980x1225.jpg 980w, https:\/\/salonmanifest.ro\/wp-content\/uploads\/2021\/03\/manifestsalon_20210314_091052-1-480x600.jpg 480w\" sizes=\"(min-width: 0px) and (max-width: 480px) 480px, (min-width: 481px) and (max-width: 980px) 980px, (min-width: 981px) 1080px, 100vw\" \/>\n\t\t\t<\/dt><\/dl><br style=\"clear: both\" \/>\n\t\t<\/div>\n\n<p><span style=\"font-weight: 400;\">Principala fric\u0103 a femeilor c\u00e2nd vine vorba de a renun\u021ba la\u00a0 p\u0103rul lung este num\u0103rului limitat de op\u021biuni de coafare. Ceea ce este <\/span><i><span style=\"font-weight: 400;\">fals<\/span><\/i><span style=\"font-weight: 400;\">! Noi suntem aici pentru a te \u00eencuraja s\u0103 faci o schimbare \u0219i s\u0103 nu la\u0219i frica s\u0103 \u00ee\u021bi ghideze deciziile c\u00e2nd vine vorba de a \u00eencerca ceva nou cu p\u0103rul t\u0103u. Salonul nostru beneficiaz\u0103 de <\/span><i><span style=\"font-weight: 400;\">hairstyli\u0219ti <\/span><\/i><span style=\"font-weight: 400;\">experimenta\u021bi care sunt preg\u0103ti\u021bi s\u0103 \u00ee\u021bi ofere cele mai bune sfaturi \u00een func\u021bie at\u00e2t de aspectul t\u0103u fizic, c\u00e2t \u0219i de personalitate. <\/span><i><span style=\"font-weight: 400;\">Short hair, don\u2019t care!\u00a0<\/span><\/i><\/p>\n<h2><b>Idei de coafuri pentru parul scurt si drept<\/b><\/h2>\n<p><span style=\"font-weight: 400;\">Fiecare femeie, indiferent de preferin\u021be, poate fi avantajat\u0103 de o tunsoare scurt\u0103, iar factorii subiectivi precum tipul firului de p\u0103r sau forma fe\u021bei nu ar trebui s\u0103 reprezinte un impas.<\/span> <span style=\"font-weight: 400;\">Este important de \u0219tiut faptul c\u0103 exist\u0103 numeroase posibilit\u0103\u021bi de stilizare a p\u0103rului scurt \u0219i depinde de tine \u0219i de preferin\u021bele tale \u00een alegerea coafatului, de la bucle lejere retro, p\u00e2n\u0103 la <\/span><i><span style=\"font-weight: 400;\">wet look-uri <\/span><\/i><span style=\"font-weight: 400;\">spectaculoase care te vor face s\u0103 te sim\u021bi o femeie elegant\u0103 \u0219i puternic\u0103.<\/span><\/p>\n<h2><b>Tips &amp; tricks de coafare a parului scurt cu bucle<\/b><\/h2>\n<p><span style=\"font-weight: 400;\">Chiar dac\u0103 e scurt, p\u0103rul bob r\u0103m\u00e2ne o tunsoare extrem de versatil\u0103, care poate fi cu u\u0219urin\u021b\u0103 coafat \u00een func\u021bie de dorin\u021bele tale.\u00a0<\/span><\/p>\n<h3><span style=\"font-weight: 400;\">Coafarea parului scurt\/bob cu bucle retro<\/span><\/h3>\n<p><span style=\"font-weight: 400;\">Tunsoarea bob cu bucle retro este una dintre coafurile preferate ale femeilor, fiind u\u0219or de realizat \u0219i niciodat\u0103 nu e\u0219ueaz\u0103 s\u0103 ofere un aer sofisticat. Pentru a realiza aceast\u0103 coafur\u0103, \u00een primul r\u00e2nd, traseaz\u0103 o c\u0103rare lateral\u0103 ad\u00e2nc\u0103, c\u00e2t mai neted\u0103. Aplic\u0103 gel de p\u0103r \u0219i formeaz\u0103 onduleuri c\u00e2t degetul de groase, ajut\u00e2ndu-te de agrafe de p\u0103r care s\u0103 imprime forma. La final, scoate agrafele \u0219i folose\u0219te o cantitate generoas\u0103 de fixativ pentru ca efectul s\u0103 dureze c\u00e2t mai mult.\u00a0<\/span><\/p>\n\n\t\t<style type=\"text\/css\">\n\t\t\t#gallery-3 {\n\t\t\t\tmargin: auto;\n\t\t\t}\n\t\t\t#gallery-3 .gallery-item {\n\t\t\t\tfloat: left;\n\t\t\t\tmargin-top: 10px;\n\t\t\t\ttext-align: center;\n\t\t\t\twidth: 100%;\n\t\t\t}\n\t\t\t#gallery-3 img {\n\t\t\t\tborder: 2px solid #cfcfcf;\n\t\t\t}\n\t\t\t#gallery-3 .gallery-caption {\n\t\t\t\tmargin-left: 0;\n\t\t\t}\n\t\t\t\/* see gallery_shortcode() in wp-includes\/media.php *\/\n\t\t<\/style>\n\t\t<div id='gallery-3' class='gallery galleryid-965 gallery-columns-1 gallery-size-full'><dl class='gallery-item'>\n\t\t\t<dt class='gallery-icon portrait'>\n\t\t\t\t<img decoding=\"async\" width=\"1533\" height=\"2048\" src=\"https:\/\/salonmanifest.ro\/wp-content\/uploads\/2021\/03\/par_scurt_cret_2-1533x2048-1.jpeg\" class=\"attachment-full size-full\" alt=\"\" srcset=\"https:\/\/salonmanifest.ro\/wp-content\/uploads\/2021\/03\/par_scurt_cret_2-1533x2048-1.jpeg 1533w, https:\/\/salonmanifest.ro\/wp-content\/uploads\/2021\/03\/par_scurt_cret_2-1533x2048-1-1280x720.jpeg 1280w, https:\/\/salonmanifest.ro\/wp-content\/uploads\/2021\/03\/par_scurt_cret_2-1533x2048-1-980x551.jpeg 980w, https:\/\/salonmanifest.ro\/wp-content\/uploads\/2021\/03\/par_scurt_cret_2-1533x2048-1-480x270.jpeg 480w\" sizes=\"(min-width: 0px) and (max-width: 480px) 480px, (min-width: 481px) and (max-width: 980px) 980px, (min-width: 981px) and (max-width: 1280px) 1280px, (min-width: 1281px) 1533px, 100vw\" \/>\n\t\t\t<\/dt><\/dl><br style=\"clear: both\" \/>\n\t\t<\/div>\n\n<h3><span style=\"font-weight: 400;\">Coafarea parului scurt\/bob asimetric cu bucle lejere<\/span><\/h3>\n<p><b>Bobul asimetric cu bucle lejere<\/b><span style=\"font-weight: 400;\"> este una dintre cele mai \u00eendr\u0103zne\u021be, coafuri,<\/span> <span style=\"font-weight: 400;\">perfect\u0103 pentru femeile care doresc s\u0103 adauge un anumit dinamism coafurii clasice. Este o tunsoare \u00een care p\u0103rul este t\u0103iat f\u0103r\u0103 simetrie st\u00e2nga-dreapta \u2013 o parte fiind mai lung\u0103 dec\u00e2t cealalt\u0103. Buclele le po\u021bi crea cu ajutorul ondulatorului, \u00eenf\u0103\u0219ur\u00e2nd \u0219uvi\u021be \u00een jurul acestuia. La final, acest timp de coafur\u0103 \u00ee\u021bi poate oferi un aer tineresc \u0219i totodat\u0103, un volum dinamic p\u0103rului.<\/span><\/p>\n\n\t\t<style type=\"text\/css\">\n\t\t\t#gallery-4 {\n\t\t\t\tmargin: auto;\n\t\t\t}\n\t\t\t#gallery-4 .gallery-item {\n\t\t\t\tfloat: left;\n\t\t\t\tmargin-top: 10px;\n\t\t\t\ttext-align: center;\n\t\t\t\twidth: 100%;\n\t\t\t}\n\t\t\t#gallery-4 img {\n\t\t\t\tborder: 2px solid #cfcfcf;\n\t\t\t}\n\t\t\t#gallery-4 .gallery-caption {\n\t\t\t\tmargin-left: 0;\n\t\t\t}\n\t\t\t\/* see gallery_shortcode() in wp-includes\/media.php *\/\n\t\t<\/style>\n\t\t<div id='gallery-4' class='gallery galleryid-965 gallery-columns-1 gallery-size-full'><dl class='gallery-item'>\n\t\t\t<dt class='gallery-icon portrait'>\n\t\t\t\t<img decoding=\"async\" width=\"1200\" height=\"1600\" src=\"https:\/\/salonmanifest.ro\/wp-content\/uploads\/2021\/03\/Beach_Waves-2.jpeg\" class=\"attachment-full size-full\" alt=\"\" srcset=\"https:\/\/salonmanifest.ro\/wp-content\/uploads\/2021\/03\/Beach_Waves-2.jpeg 1200w, https:\/\/salonmanifest.ro\/wp-content\/uploads\/2021\/03\/Beach_Waves-2-980x1307.jpeg 980w, https:\/\/salonmanifest.ro\/wp-content\/uploads\/2021\/03\/Beach_Waves-2-480x640.jpeg 480w\" sizes=\"(min-width: 0px) and (max-width: 480px) 480px, (min-width: 481px) and (max-width: 980px) 980px, (min-width: 981px) 1200px, 100vw\" \/>\n\t\t\t<\/dt><\/dl><br style=\"clear: both\" \/>\n\t\t<\/div>\n\n<h3><\/h3>\n<h3><span style=\"font-weight: 400;\">Coafarea parului scurt in stil afro &#8211; cu bucle foarte mici si dese<\/span><\/h3>\n<p><b>Coafarea p\u0103rului \u00een stil afro<\/b><span style=\"font-weight: 400;\"> este mereu o op\u021biune distractiv\u0103 \u0219i <\/span><i><span style=\"font-weight: 400;\">chic<\/span><\/i><span style=\"font-weight: 400;\">, iar rezultatul este unul de care nu te po\u021bi plictisi. Pentru a-\u021bi putea stiliza p\u0103rul \u00een acest fel este esen\u021bial un ondulator de p\u0103r pentru bucle afro. Se iau \u0219uvi\u021be mici de p\u0103r \u0219i se \u00eenconjoar\u0103 c\u00e2teva secunde \u00een jurul ondulatorului. Efectul va fi unul \u00eendr\u0103zne\u021b, care te va face s\u0103 te sim\u021bi ca o femeie puternic\u0103.\u00a0<\/span><\/p>\n\n\t\t<style type=\"text\/css\">\n\t\t\t#gallery-5 {\n\t\t\t\tmargin: auto;\n\t\t\t}\n\t\t\t#gallery-5 .gallery-item {\n\t\t\t\tfloat: left;\n\t\t\t\tmargin-top: 10px;\n\t\t\t\ttext-align: center;\n\t\t\t\twidth: 100%;\n\t\t\t}\n\t\t\t#gallery-5 img {\n\t\t\t\tborder: 2px solid #cfcfcf;\n\t\t\t}\n\t\t\t#gallery-5 .gallery-caption {\n\t\t\t\tmargin-left: 0;\n\t\t\t}\n\t\t\t\/* see gallery_shortcode() in wp-includes\/media.php *\/\n\t\t<\/style>\n\t\t<div id='gallery-5' class='gallery galleryid-965 gallery-columns-1 gallery-size-full'><dl class='gallery-item'>\n\t\t\t<dt class='gallery-icon portrait'>\n\t\t\t\t<img decoding=\"async\" width=\"1080\" height=\"1350\" src=\"https:\/\/salonmanifest.ro\/wp-content\/uploads\/2021\/03\/beeatricemiu_20210313_100809-1.jpg\" class=\"attachment-full size-full\" alt=\"\" srcset=\"https:\/\/salonmanifest.ro\/wp-content\/uploads\/2021\/03\/beeatricemiu_20210313_100809-1.jpg 1080w, https:\/\/salonmanifest.ro\/wp-content\/uploads\/2021\/03\/beeatricemiu_20210313_100809-1-980x1225.jpg 980w, https:\/\/salonmanifest.ro\/wp-content\/uploads\/2021\/03\/beeatricemiu_20210313_100809-1-480x600.jpg 480w\" sizes=\"(min-width: 0px) and (max-width: 480px) 480px, (min-width: 481px) and (max-width: 980px) 980px, (min-width: 981px) 1080px, 100vw\" \/>\n\t\t\t<\/dt><\/dl><br style=\"clear: both\" \/>\n\t\t<\/div>\n\n<h2><b>Wet look spectaculos pentru parul scurt<\/b><\/h2>\n<p><i><span style=\"font-weight: 400;\">Wet look-ul<\/span><\/i><span style=\"font-weight: 400;\"> este un clasic al covorului ro\u0219u, fiind o coafur\u0103 care r\u0103m\u00e2ne mereu \u00een tendin\u021be.\u00a0 Cheia pentru a ob\u021bine un <\/span><i><span style=\"font-weight: 400;\">wet look<\/span><\/i><span style=\"font-weight: 400;\"> spectaculos este aranjarea p\u0103rului atunci c\u00e2nd este de fapt jum\u0103tate uscat.\u00a0<\/span><\/p>\n\n\t\t<style type=\"text\/css\">\n\t\t\t#gallery-6 {\n\t\t\t\tmargin: auto;\n\t\t\t}\n\t\t\t#gallery-6 .gallery-item {\n\t\t\t\tfloat: left;\n\t\t\t\tmargin-top: 10px;\n\t\t\t\ttext-align: center;\n\t\t\t\twidth: 100%;\n\t\t\t}\n\t\t\t#gallery-6 img {\n\t\t\t\tborder: 2px solid #cfcfcf;\n\t\t\t}\n\t\t\t#gallery-6 .gallery-caption {\n\t\t\t\tmargin-left: 0;\n\t\t\t}\n\t\t\t\/* see gallery_shortcode() in wp-includes\/media.php *\/\n\t\t<\/style>\n\t\t<div id='gallery-6' class='gallery galleryid-965 gallery-columns-1 gallery-size-full'><dl class='gallery-item'>\n\t\t\t<dt class='gallery-icon portrait'>\n\t\t\t\t<img decoding=\"async\" width=\"779\" height=\"791\" src=\"https:\/\/salonmanifest.ro\/wp-content\/uploads\/2021\/03\/felidonoseofficial_1618412468529383-1-1.jpg\" class=\"attachment-full size-full\" alt=\"\" srcset=\"https:\/\/salonmanifest.ro\/wp-content\/uploads\/2021\/03\/felidonoseofficial_1618412468529383-1-1.jpg 779w, https:\/\/salonmanifest.ro\/wp-content\/uploads\/2021\/03\/felidonoseofficial_1618412468529383-1-1-480x487.jpg 480w\" sizes=\"(min-width: 0px) and (max-width: 480px) 480px, (min-width: 481px) 779px, 100vw\" \/>\n\t\t\t<\/dt><\/dl><br style=\"clear: both\" \/>\n\t\t<\/div>\n\n<p><span style=\"font-weight: 400;\">Aplic\u0103 produsul de <\/span><i><span style=\"font-weight: 400;\">styling<\/span><\/i><span style=\"font-weight: 400;\">, care poate fi gel, spum\u0103 sau crem\u0103 pentru coafat \u2013 care trebuie s\u0103 aib\u0103 un grad de fixare mai mare, pentru un plus de rezisten\u0163\u0103 (umezeala din p\u0103r va dilua oricum produsul, deci nu vei avea parte de \u015fuvi\u0163e apretate, asigur\u0103-te c\u0103 folose\u0219ti un produs profesional). Aplic\u0103 produsul pe p\u0103rul umed \u0219i cu ajutorul unui pieptene cu din\u021bi rari distribuie uniform produsul. Efectul va fi unul feminin, elegant \u0219i care \u00ee\u021bi scoate tr\u0103s\u0103turile \u00een eviden\u021b\u0103.<\/span><\/p>\n<h2><b>Idei de impletituri pentru parul scurt<\/b><\/h2>\n<p><span style=\"font-weight: 400;\">Indiferent de lungimea p\u0103rului t\u0103u, \u00eempletiturile vor face mereu o impresie pozitiv\u0103.\u00a0<\/span><\/p>\n\n\t\t<style type=\"text\/css\">\n\t\t\t#gallery-7 {\n\t\t\t\tmargin: auto;\n\t\t\t}\n\t\t\t#gallery-7 .gallery-item {\n\t\t\t\tfloat: left;\n\t\t\t\tmargin-top: 10px;\n\t\t\t\ttext-align: center;\n\t\t\t\twidth: 100%;\n\t\t\t}\n\t\t\t#gallery-7 img {\n\t\t\t\tborder: 2px solid #cfcfcf;\n\t\t\t}\n\t\t\t#gallery-7 .gallery-caption {\n\t\t\t\tmargin-left: 0;\n\t\t\t}\n\t\t\t\/* see gallery_shortcode() in wp-includes\/media.php *\/\n\t\t<\/style>\n\t\t<div id='gallery-7' class='gallery galleryid-965 gallery-columns-1 gallery-size-full'><dl class='gallery-item'>\n\t\t\t<dt class='gallery-icon portrait'>\n\t\t\t\t<img decoding=\"async\" width=\"452\" height=\"554\" src=\"https:\/\/salonmanifest.ro\/wp-content\/uploads\/2021\/03\/Screen-Shot-2021-04-14-at-6.08.13-PM.png\" class=\"attachment-full size-full\" alt=\"\" srcset=\"https:\/\/salonmanifest.ro\/wp-content\/uploads\/2021\/03\/Screen-Shot-2021-04-14-at-6.08.13-PM.png 452w, https:\/\/salonmanifest.ro\/wp-content\/uploads\/2021\/03\/Screen-Shot-2021-04-14-at-6.08.13-PM-245x300.png 245w\" sizes=\"(max-width: 452px) 100vw, 452px\" \/>\n\t\t\t<\/dt><\/dl><br style=\"clear: both\" \/>\n\t\t<\/div>\n\n<p>P\u0103rul\u00a0 scurt este u\u0219or de stilizat \u0219i exist\u0103 numeroase variante c\u00e2nd vine vorba de \u00eempletituri. \u00cempletiturile care se afl\u0103 \u00een topul preferin\u021belor persoanelor cu p\u0103r scurt sunt coroni\u021bele, \u00eempletiturile clasice chineze\u0219ti sau cele tip cascad\u0103.<\/p>\n<h3><b>Sfaturi pentru aranjarea parului scurt cu carare pe o parte<\/b><\/h3>\n<p><span style=\"font-weight: 400;\">Cel mai u\u0219or mod \u00een care po\u021bi ob\u021bine o <\/span><b>coafur\u0103 cu c\u0103rare pe o parte<\/b><span style=\"font-weight: 400;\"> corect\u0103 este s\u0103 pozi\u021bionezi pieptenele \u00een centrul spr\u00e2ncenei \u0219i apoi s\u0103 creezi, din acel punct, c\u0103rarea lateral\u0103. Acest tip de coafur\u0103 este recomandat persoanelor care au fa\u021ba p\u0103trat\u0103, deoarece ofer\u0103 vizibilitate unghiurilor fe\u021bei. Po\u021bi opta \u0219i pentru ni\u0219te bucle lejere pentru a oferi pu\u021bin volum p\u0103rului \u0219i, la final, rezultatul va fi unul de efect.<\/span><\/p>\n\n\t\t<style type=\"text\/css\">\n\t\t\t#gallery-8 {\n\t\t\t\tmargin: auto;\n\t\t\t}\n\t\t\t#gallery-8 .gallery-item {\n\t\t\t\tfloat: left;\n\t\t\t\tmargin-top: 10px;\n\t\t\t\ttext-align: center;\n\t\t\t\twidth: 100%;\n\t\t\t}\n\t\t\t#gallery-8 img {\n\t\t\t\tborder: 2px solid #cfcfcf;\n\t\t\t}\n\t\t\t#gallery-8 .gallery-caption {\n\t\t\t\tmargin-left: 0;\n\t\t\t}\n\t\t\t\/* see gallery_shortcode() in wp-includes\/media.php *\/\n\t\t<\/style>\n\t\t<div id='gallery-8' class='gallery galleryid-965 gallery-columns-1 gallery-size-full'><dl class='gallery-item'>\n\t\t\t<dt class='gallery-icon portrait'>\n\t\t\t\t<img decoding=\"async\" width=\"1080\" height=\"1239\" src=\"https:\/\/salonmanifest.ro\/wp-content\/uploads\/2021\/03\/iuliantimisica_20210327_175246-2-3.jpg\" class=\"attachment-full size-full\" alt=\"\" srcset=\"https:\/\/salonmanifest.ro\/wp-content\/uploads\/2021\/03\/iuliantimisica_20210327_175246-2-3.jpg 1080w, https:\/\/salonmanifest.ro\/wp-content\/uploads\/2021\/03\/iuliantimisica_20210327_175246-2-3-980x1124.jpg 980w, https:\/\/salonmanifest.ro\/wp-content\/uploads\/2021\/03\/iuliantimisica_20210327_175246-2-3-480x551.jpg 480w\" sizes=\"(min-width: 0px) and (max-width: 480px) 480px, (min-width: 481px) and (max-width: 980px) 980px, (min-width: 981px) 1080px, 100vw\" \/>\n\t\t\t<\/dt><\/dl><br style=\"clear: both\" \/>\n\t\t<\/div>\n\n<h2><b>Coafuri pentru par scurt folosind accesorii chic<\/b><\/h2>\n<p><span style=\"font-weight: 400;\">Accesoriile pentru p\u0103r vin \u00een multe forme \u0219i dimensiuni diferite \u0219i pot schimba radical <\/span><i><span style=\"font-weight: 400;\">look-ul <\/span><\/i><span style=\"font-weight: 400;\">unei persoane. <\/span><\/p>\n\n\t\t<style type=\"text\/css\">\n\t\t\t#gallery-9 {\n\t\t\t\tmargin: auto;\n\t\t\t}\n\t\t\t#gallery-9 .gallery-item {\n\t\t\t\tfloat: left;\n\t\t\t\tmargin-top: 10px;\n\t\t\t\ttext-align: center;\n\t\t\t\twidth: 100%;\n\t\t\t}\n\t\t\t#gallery-9 img {\n\t\t\t\tborder: 2px solid #cfcfcf;\n\t\t\t}\n\t\t\t#gallery-9 .gallery-caption {\n\t\t\t\tmargin-left: 0;\n\t\t\t}\n\t\t\t\/* see gallery_shortcode() in wp-includes\/media.php *\/\n\t\t<\/style>\n\t\t<div id='gallery-9' class='gallery galleryid-965 gallery-columns-1 gallery-size-full'><dl class='gallery-item'>\n\t\t\t<dt class='gallery-icon portrait'>\n\t\t\t\t<img decoding=\"async\" width=\"1063\" height=\"1329\" src=\"https:\/\/salonmanifest.ro\/wp-content\/uploads\/2021\/03\/ligia.ghiulai_1618413457462328-1.jpg\" class=\"attachment-full size-full\" alt=\"\" srcset=\"https:\/\/salonmanifest.ro\/wp-content\/uploads\/2021\/03\/ligia.ghiulai_1618413457462328-1.jpg 1063w, https:\/\/salonmanifest.ro\/wp-content\/uploads\/2021\/03\/ligia.ghiulai_1618413457462328-1-980x1225.jpg 980w, https:\/\/salonmanifest.ro\/wp-content\/uploads\/2021\/03\/ligia.ghiulai_1618413457462328-1-480x600.jpg 480w\" sizes=\"(min-width: 0px) and (max-width: 480px) 480px, (min-width: 481px) and (max-width: 980px) 980px, (min-width: 981px) 1063px, 100vw\" \/>\n\t\t\t<\/dt><\/dl><br style=\"clear: both\" \/>\n\t\t<\/div>\n\n<p><span style=\"font-weight: 400;\">O variant\u0103 ar fi integrarea <\/span><b>clamelor \u0219i agrafelor <\/b><span style=\"font-weight: 400;\">\u00een orice tip de coafur\u0103 (bucle retro, \u00eempletituri) deoarece de cele mai multe devine mai interesant\u0103 \u2013 dac\u0103 folose\u0219ti clame si agrafe este recomandat s\u0103 folose\u0219ti un num\u0103r impar pentru o compozi\u021bie echilibrat\u0103, iar <\/span><b>perlele <\/b><span style=\"font-weight: 400;\">pot fi folosite \u00een coafuri precum coroni\u021bele pentru a le ad\u0103uga un aer de rafinament \u0219i feminitate.\u00a0<\/span><\/p>\n<h2><b>Ce coafuri recomanda profesionistii Man!fest pentru par scurt\/bob<\/b><\/h2>\n<p><span style=\"font-weight: 400;\">Bobul e tunsoarea care genereaz\u0103 fascina\u021bie de ani de zile &#8211; simpl\u0103, dar elegant\u0103, clasic\u0103, dar jovial\u0103, tunsoarea bob realizat\u0103 corect nu doar \u00eencadreaz\u0103 armonios fa\u021ba, dar \u00ee\u021bi poten\u021beaz\u0103 personalitatea \u0219i o scoate la iveal\u0103 pe adev\u0103rata tu.\u00a0<\/span><\/p>\n<ul>\n<li style=\"font-weight: 400;\" aria-level=\"1\"><span style=\"font-weight: 400;\">bobul scurt drept &#8211; pentru elegan\u021b\u0103 des\u0103v\u00e2r\u0219it\u0103;<br \/>\n<\/span><\/li>\n<\/ul>\n\n\t\t<style type=\"text\/css\">\n\t\t\t#gallery-10 {\n\t\t\t\tmargin: auto;\n\t\t\t}\n\t\t\t#gallery-10 .gallery-item {\n\t\t\t\tfloat: left;\n\t\t\t\tmargin-top: 10px;\n\t\t\t\ttext-align: center;\n\t\t\t\twidth: 100%;\n\t\t\t}\n\t\t\t#gallery-10 img {\n\t\t\t\tborder: 2px solid #cfcfcf;\n\t\t\t}\n\t\t\t#gallery-10 .gallery-caption {\n\t\t\t\tmargin-left: 0;\n\t\t\t}\n\t\t\t\/* see gallery_shortcode() in wp-includes\/media.php *\/\n\t\t<\/style>\n\t\t<div id='gallery-10' class='gallery galleryid-965 gallery-columns-1 gallery-size-full'><dl class='gallery-item'>\n\t\t\t<dt class='gallery-icon landscape'>\n\t\t\t\t<img decoding=\"async\" width=\"683\" height=\"683\" src=\"https:\/\/salonmanifest.ro\/wp-content\/uploads\/2021\/03\/20200315_110145-2.jpg\" class=\"attachment-full size-full\" alt=\"\" srcset=\"https:\/\/salonmanifest.ro\/wp-content\/uploads\/2021\/03\/20200315_110145-2.jpg 683w, https:\/\/salonmanifest.ro\/wp-content\/uploads\/2021\/03\/20200315_110145-2-480x480.jpg 480w\" sizes=\"(min-width: 0px) and (max-width: 480px) 480px, (min-width: 481px) 683px, 100vw\" \/>\n\t\t\t<\/dt><\/dl><br style=\"clear: both\" \/>\n\t\t<\/div>\n\n<ul>\n<li style=\"font-weight: 400;\" aria-level=\"1\"><span style=\"font-weight: 400;\"><span style=\"font-weight: 400;\"><span style=\"font-weight: 400;\">bobul messy &#8211; pentru personalitatea bossy \ud83d\ude09 ;<\/span><\/span><\/span><\/li>\n<\/ul>\n\n\t\t<style type=\"text\/css\">\n\t\t\t#gallery-11 {\n\t\t\t\tmargin: auto;\n\t\t\t}\n\t\t\t#gallery-11 .gallery-item {\n\t\t\t\tfloat: left;\n\t\t\t\tmargin-top: 10px;\n\t\t\t\ttext-align: center;\n\t\t\t\twidth: 100%;\n\t\t\t}\n\t\t\t#gallery-11 img {\n\t\t\t\tborder: 2px solid #cfcfcf;\n\t\t\t}\n\t\t\t#gallery-11 .gallery-caption {\n\t\t\t\tmargin-left: 0;\n\t\t\t}\n\t\t\t\/* see gallery_shortcode() in wp-includes\/media.php *\/\n\t\t<\/style>\n\t\t<div id='gallery-11' class='gallery galleryid-965 gallery-columns-1 gallery-size-full'><dl class='gallery-item'>\n\t\t\t<dt class='gallery-icon landscape'>\n\t\t\t\t<img decoding=\"async\" width=\"1080\" height=\"908\" src=\"https:\/\/salonmanifest.ro\/wp-content\/uploads\/2021\/03\/manifestsalon_20210314_201154.jpg\" class=\"attachment-full size-full\" alt=\"\" srcset=\"https:\/\/salonmanifest.ro\/wp-content\/uploads\/2021\/03\/manifestsalon_20210314_201154.jpg 1080w, https:\/\/salonmanifest.ro\/wp-content\/uploads\/2021\/03\/manifestsalon_20210314_201154-980x824.jpg 980w, https:\/\/salonmanifest.ro\/wp-content\/uploads\/2021\/03\/manifestsalon_20210314_201154-480x404.jpg 480w\" sizes=\"(min-width: 0px) and (max-width: 480px) 480px, (min-width: 481px) and (max-width: 980px) 980px, (min-width: 981px) 1080px, 100vw\" \/>\n\t\t\t<\/dt><\/dl><br style=\"clear: both\" \/>\n\t\t<\/div>\n\n<ul>\n<li style=\"font-weight: 400;\" aria-level=\"1\"><span style=\"font-weight: 400;\"><span style=\"font-weight: 400;\">bobul asimetric &#8211; pentru c\u00e2nd nu te po\u021bi decide.<\/span><\/span><\/li>\n<\/ul>\n\n\t\t<style type=\"text\/css\">\n\t\t\t#gallery-12 {\n\t\t\t\tmargin: auto;\n\t\t\t}\n\t\t\t#gallery-12 .gallery-item {\n\t\t\t\tfloat: left;\n\t\t\t\tmargin-top: 10px;\n\t\t\t\ttext-align: center;\n\t\t\t\twidth: 100%;\n\t\t\t}\n\t\t\t#gallery-12 img {\n\t\t\t\tborder: 2px solid #cfcfcf;\n\t\t\t}\n\t\t\t#gallery-12 .gallery-caption {\n\t\t\t\tmargin-left: 0;\n\t\t\t}\n\t\t\t\/* see gallery_shortcode() in wp-includes\/media.php *\/\n\t\t<\/style>\n\t\t<div id='gallery-12' class='gallery galleryid-965 gallery-columns-1 gallery-size-full'><dl class='gallery-item'>\n\t\t\t<dt class='gallery-icon portrait'>\n\t\t\t\t<img decoding=\"async\" width=\"1080\" height=\"1251\" src=\"https:\/\/salonmanifest.ro\/wp-content\/uploads\/2021\/03\/iuliantimisica_20210313_213743.jpg\" class=\"attachment-full size-full\" alt=\"\" srcset=\"https:\/\/salonmanifest.ro\/wp-content\/uploads\/2021\/03\/iuliantimisica_20210313_213743.jpg 1080w, https:\/\/salonmanifest.ro\/wp-content\/uploads\/2021\/03\/iuliantimisica_20210313_213743-980x1135.jpg 980w, https:\/\/salonmanifest.ro\/wp-content\/uploads\/2021\/03\/iuliantimisica_20210313_213743-480x556.jpg 480w\" sizes=\"(min-width: 0px) and (max-width: 480px) 480px, (min-width: 481px) and (max-width: 980px) 980px, (min-width: 981px) 1080px, 100vw\" \/>\n\t\t\t<\/dt><\/dl><br style=\"clear: both\" \/>\n\t\t<\/div>\n\n<p><span style=\"font-weight: 400;\">La Man!fest nu \u00ee\u021bi oferim doar o tunsoare bob &#8211; \u00ee\u021bi oferim un \u00eentreg ritual \u00een care suntem asisten\u021bii t\u0103i personali. <\/span><\/p>\n<p><span style=\"font-weight: 400;\">Ne juc\u0103m cu texturile \u0219i culorile, iar bobul t\u0103u poate fi pus \u00een valoare prin cele mai inovative tehnici de care ne bucur\u0103m \u00een salon.<\/span><\/p>\n","protected":false},"excerpt":{"rendered":"<p>Tunsoarea bob este considerat\u0103 de mai bine de un secol una dintre cele mai elegante coafuri. Clasic\u0103 \u0219i sofisticat\u0103, aceast\u0103 coafur\u0103 eman\u0103 feminitate \u0219i rafinament la fiecare pas. Tunsoarea poate fi adaptat\u0103 dup\u0103 preferin\u021bele \u0219i personalitatea fiec\u0103rei femei \u2013 dac\u0103 e\u0219ti o fire mai \u00eendr\u0103znea\u021b\u0103 po\u021bi opta pentru un bob asimetric cu bucle, iar dac\u0103 [&hellip;]<\/p>\n","protected":false},"author":2,"featured_media":2440,"comment_status":"closed","ping_status":"closed","sticky":false,"template":"","format":"standard","meta":{"_et_pb_use_builder":"","_et_pb_old_content":"","_et_gb_content_width":"","footnotes":""},"categories":[13,5],"tags":[],"class_list":["post-965","post","type-post","status-publish","format-standard","has-post-thumbnail","hentry","category-coafuri-par-scurt","category-inspiratie"],"_links":{"self":[{"href":"https:\/\/salonmanifest.ro\/index.php?rest_route=\/wp\/v2\/posts\/965","targetHints":{"allow":["GET"]}}],"collection":[{"href":"https:\/\/salonmanifest.ro\/index.php?rest_route=\/wp\/v2\/posts"}],"about":[{"href":"https:\/\/salonmanifest.ro\/index.php?rest_route=\/wp\/v2\/types\/post"}],"author":[{"embeddable":true,"href":"https:\/\/salonmanifest.ro\/index.php?rest_route=\/wp\/v2\/users\/2"}],"replies":[{"embeddable":true,"href":"https:\/\/salonmanifest.ro\/index.php?rest_route=%2Fwp%2Fv2%2Fcomments&post=965"}],"version-history":[{"count":0,"href":"https:\/\/salonmanifest.ro\/index.php?rest_route=\/wp\/v2\/posts\/965\/revisions"}],"wp:featuredmedia":[{"embeddable":true,"href":"https:\/\/salonmanifest.ro\/index.php?rest_route=\/wp\/v2\/media\/2440"}],"wp:attachment":[{"href":"https:\/\/salonmanifest.ro\/index.php?rest_route=%2Fwp%2Fv2%2Fmedia&parent=965"}],"wp:term":[{"taxonomy":"category","embeddable":true,"href":"https:\/\/salonmanifest.ro\/index.php?rest_route=%2Fwp%2Fv2%2Fcategories&post=965"},{"taxonomy":"post_tag","embeddable":true,"href":"https:\/\/salonmanifest.ro\/index.php?rest_route=%2Fwp%2Fv2%2Ftags&post=965"}],"curies":[{"name":"wp","href":"https:\/\/api.w.org\/{rel}","templated":true}]}}