{"id":950,"date":"2021-03-14T17:32:08","date_gmt":"2021-03-14T17:32:08","guid":{"rendered":"http:\/\/www.salonmanifest.ro\/?p=950"},"modified":"2024-05-28T10:25:23","modified_gmt":"2024-05-28T10:25:23","slug":"coafuri-moderne-par-lung","status":"publish","type":"post","link":"https:\/\/salonmanifest.ro\/?p=950","title":{"rendered":"Idei de coafuri moderne pentru par lung"},"content":{"rendered":"\n\t\t<style type=\"text\/css\">\n\t\t\t#gallery-1 {\n\t\t\t\tmargin: auto;\n\t\t\t}\n\t\t\t#gallery-1 .gallery-item {\n\t\t\t\tfloat: left;\n\t\t\t\tmargin-top: 10px;\n\t\t\t\ttext-align: center;\n\t\t\t\twidth: 100%;\n\t\t\t}\n\t\t\t#gallery-1 img {\n\t\t\t\tborder: 2px solid #cfcfcf;\n\t\t\t}\n\t\t\t#gallery-1 .gallery-caption {\n\t\t\t\tmargin-left: 0;\n\t\t\t}\n\t\t\t\/* see gallery_shortcode() in wp-includes\/media.php *\/\n\t\t<\/style>\n\t\t<div id='gallery-1' class='gallery galleryid-950 gallery-columns-1 gallery-size-full'><dl class='gallery-item'>\n\t\t\t<dt class='gallery-icon landscape'>\n\t\t\t\t<img decoding=\"async\" width=\"1536\" height=\"869\" src=\"https:\/\/salonmanifest.ro\/wp-content\/uploads\/2021\/03\/DSC3942-1536x869-1.jpg\" class=\"attachment-full size-full\" alt=\"\" srcset=\"https:\/\/salonmanifest.ro\/wp-content\/uploads\/2021\/03\/DSC3942-1536x869-1.jpg 1536w, https:\/\/salonmanifest.ro\/wp-content\/uploads\/2021\/03\/DSC3942-1536x869-1-1280x724.jpg 1280w, https:\/\/salonmanifest.ro\/wp-content\/uploads\/2021\/03\/DSC3942-1536x869-1-980x554.jpg 980w, https:\/\/salonmanifest.ro\/wp-content\/uploads\/2021\/03\/DSC3942-1536x869-1-480x272.jpg 480w\" sizes=\"(min-width: 0px) and (max-width: 480px) 480px, (min-width: 481px) and (max-width: 980px) 980px, (min-width: 981px) and (max-width: 1280px) 1280px, (min-width: 1281px) 1536px, 100vw\" \/>\n\t\t\t<\/dt><\/dl><br style=\"clear: both\" \/>\n\t\t<\/div>\n\n<p><span style=\"font-weight: 400;\">Este bine cunoscut faptul c\u0103 p\u0103rul lung este iconic \u2013 un simbol al feminit\u0103\u021bii, seduc\u021biei \u0219i frumuse\u021bii. Chiar dac\u0103 necesit\u0103 o \u00eengrijire mai minu\u021bioas\u0103, este evident c\u0103 atunci c\u00e2nd vine vorba de coafare este cel mai avantajos \u0219i ofer\u0103 cele mai multe posibilit\u0103\u021bi. Alegerea coafurii depinde doar de tine \u0219i de preferin\u021bele tale sau de evenimentul la care vrei s\u0103 participi, po\u021bi opta at\u00e2t pentre \u00eempletituri spectaculoase, dar \u0219i pentru multe tipuri de bucle.<\/span><\/p>\n<h2><b>Idei de aranjare a parului in functie de tipul acestuia<\/b><\/h2>\n<p><i><span style=\"font-weight: 400;\">Cum arat\u0103 p\u0103rul t\u0103u? E lung \u0219i drept sau por\u021bi valuri pe umeri?<\/span><\/i><span style=\"font-weight: 400;\"> Indiferent de r\u0103spuns, iat\u0103 c\u00e2teva idei de coafuri care s\u0103 inspire:<\/span><\/p>\n<h3><span style=\"font-weight: 400;\">Coafuri pentru par lung si drept<\/span><\/h3>\n<p><span style=\"font-weight: 400;\">P\u0103rul lung \u0219i drept e cel mai prietenos cu schimbarea, a\u0219a c\u0103 profit\u0103 de ea. Dincolo de coafurile pe care le po\u021bi realiza, culorile \u00een care te vopse\u0219ti sunt la fel de importante. 2021 e anul \u00een care vrem echilibru, a\u0219a c\u0103 alege o culoare armonioas\u0103, care genereaz\u0103 fascina\u021bie &#8211; blond f\u0103r\u0103 compromisuri, Multi-Techniques 8\u00a0<em>Bonder Inside de la L&#8217;Or\u00e9al Professionnel.\u00a0<\/em><\/span><\/p>\n<p>Dincolo de transformarea p\u0103rului f\u0103r\u0103 niciun risc, MT 8 <span style=\"font-weight: 400;\"><em>Bonder Inside<\/em><\/span> ofer\u0103 mai mult de at\u00e2t: <strong>garan\u021bia \u00eengrijirii de durat\u0103<\/strong>. P\u0103rul decolorat cu ajutorul tehnicii moderne implementat\u0103 de <span style=\"font-weight: 400;\"><em>L&#8217;Or\u00e9al Professionnel <\/em><\/span>\u00a0\u00ee\u0219i p\u0103streaz\u0103 s\u0103n\u0103tatea \u00een timp \u2013 procedurile chimice la care este supus sunt minim invazive, iar rezultatul final? Nu doar p\u0103r blond impecabil, ci \u0219i p\u0103r cu adev\u0103rat s\u0103n\u0103tos. Mai mult dec\u00e2t o tehnic\u0103 de decolorare superioar\u0103, MT 8 e un produs care asigur\u0103 \u0219i \u00eembun\u0103t\u0103\u021be\u0219te <strong>s\u0103n\u0103tatea<\/strong>\u00a0firului de p\u0103r, conduc\u00e2nd c\u0103tre un look final\u00a0<em>glamour<\/em>, sc\u0103ldat \u00een luminozitate \u0219i umbre definite, care cuceresc prin elegan\u021b\u0103 \u0219i simplitate.<\/p>\n\n\t\t<style type=\"text\/css\">\n\t\t\t#gallery-2 {\n\t\t\t\tmargin: auto;\n\t\t\t}\n\t\t\t#gallery-2 .gallery-item {\n\t\t\t\tfloat: left;\n\t\t\t\tmargin-top: 10px;\n\t\t\t\ttext-align: center;\n\t\t\t\twidth: 100%;\n\t\t\t}\n\t\t\t#gallery-2 img {\n\t\t\t\tborder: 2px solid #cfcfcf;\n\t\t\t}\n\t\t\t#gallery-2 .gallery-caption {\n\t\t\t\tmargin-left: 0;\n\t\t\t}\n\t\t\t\/* see gallery_shortcode() in wp-includes\/media.php *\/\n\t\t<\/style>\n\t\t<div id='gallery-2' class='gallery galleryid-950 gallery-columns-1 gallery-size-full'><dl class='gallery-item'>\n\t\t\t<dt class='gallery-icon portrait'>\n\t\t\t\t<img decoding=\"async\" width=\"768\" height=\"960\" src=\"https:\/\/salonmanifest.ro\/wp-content\/uploads\/2021\/03\/manifestsalon_20210316_222307-768x960-1.jpg\" class=\"attachment-full size-full\" alt=\"\" srcset=\"https:\/\/salonmanifest.ro\/wp-content\/uploads\/2021\/03\/manifestsalon_20210316_222307-768x960-1.jpg 768w, https:\/\/salonmanifest.ro\/wp-content\/uploads\/2021\/03\/manifestsalon_20210316_222307-768x960-1-480x600.jpg 480w\" sizes=\"(min-width: 0px) and (max-width: 480px) 480px, (min-width: 481px) 768px, 100vw\" \/>\n\t\t\t<\/dt><\/dl><br style=\"clear: both\" \/>\n\t\t<\/div>\n\n<p><span style=\"font-weight: 400;\">Iat\u0103 c\u00e2teva idei de coafuri dac\u0103 ai p\u0103rul lung \u0219i drept:<\/span><\/p>\n<ul>\n<li><span style=\"font-weight: 400;\">\u00cempletitur\u0103 cascad\u0103;<\/span><\/li>\n<li><span style=\"font-weight: 400;\">Coc scoic\u0103;<\/span><\/li>\n<li><span style=\"font-weight: 400;\">\u00cempletitur\u0103 coad\u0103 de pe\u0219te;<\/span><\/li>\n<\/ul>\n<h3><\/h3>\n\n\t\t<style type=\"text\/css\">\n\t\t\t#gallery-3 {\n\t\t\t\tmargin: auto;\n\t\t\t}\n\t\t\t#gallery-3 .gallery-item {\n\t\t\t\tfloat: left;\n\t\t\t\tmargin-top: 10px;\n\t\t\t\ttext-align: center;\n\t\t\t\twidth: 100%;\n\t\t\t}\n\t\t\t#gallery-3 img {\n\t\t\t\tborder: 2px solid #cfcfcf;\n\t\t\t}\n\t\t\t#gallery-3 .gallery-caption {\n\t\t\t\tmargin-left: 0;\n\t\t\t}\n\t\t\t\/* see gallery_shortcode() in wp-includes\/media.php *\/\n\t\t<\/style>\n\t\t<div id='gallery-3' class='gallery galleryid-950 gallery-columns-1 gallery-size-full'><dl class='gallery-item'>\n\t\t\t<dt class='gallery-icon landscape'>\n\t\t\t\t<img decoding=\"async\" width=\"2048\" height=\"1159\" src=\"https:\/\/salonmanifest.ro\/wp-content\/uploads\/2021\/03\/DSC5546-2048x1159-1.jpg\" class=\"attachment-full size-full\" alt=\"\" srcset=\"https:\/\/salonmanifest.ro\/wp-content\/uploads\/2021\/03\/DSC5546-2048x1159-1.jpg 2048w, https:\/\/salonmanifest.ro\/wp-content\/uploads\/2021\/03\/DSC5546-2048x1159-1-1280x724.jpg 1280w, https:\/\/salonmanifest.ro\/wp-content\/uploads\/2021\/03\/DSC5546-2048x1159-1-980x555.jpg 980w, https:\/\/salonmanifest.ro\/wp-content\/uploads\/2021\/03\/DSC5546-2048x1159-1-480x272.jpg 480w\" sizes=\"(min-width: 0px) and (max-width: 480px) 480px, (min-width: 481px) and (max-width: 980px) 980px, (min-width: 981px) and (max-width: 1280px) 1280px, (min-width: 1281px) 2048px, 100vw\" \/>\n\t\t\t<\/dt><\/dl><br style=\"clear: both\" \/>\n\t\t<\/div>\n\n<h3><\/h3>\n<h3><span style=\"font-weight: 400;\">Idei de coafuri pentru par lung si ondulat<\/span><\/h3>\n<p><span style=\"font-weight: 400;\">P\u0103rul lung \u0219i ondulat e diafan \u0219i juc\u0103u\u0219, iar avantajul? Arat\u0103 bine \u00eenc\u0103 de diminea\u021b\u0103. Dac\u0103 vrei s\u0103 \u00ee\u021bi \u00eendrep\u021bi onduleurile, folose\u0219te o plac\u0103 profesional\u0103 de \u00eendreptare a p\u0103rului, precum Steampod 3.0. Iat\u0103 c\u00e2teva idei de coafuri dac\u0103 ai p\u0103rul lung \u0219i ondulat:<\/span><\/p>\n<ul>\n<li><span style=\"font-weight: 400;\">\u00cempletitur\u0103 siren\u0103;<\/span><\/li>\n<li><span style=\"font-weight: 400;\">Coad\u0103 r\u0103sucit\u0103;<\/span><\/li>\n<li><span style=\"font-weight: 400;\">Coc la ceaf\u0103;<\/span><\/li>\n<li><span style=\"font-weight: 400;\">Coc messy.;<\/span><\/li>\n<\/ul>\n<h2><\/h2>\n<h2>Idei de coafuri pentru par lung cu bucle<\/h2>\n\n\t\t<style type=\"text\/css\">\n\t\t\t#gallery-4 {\n\t\t\t\tmargin: auto;\n\t\t\t}\n\t\t\t#gallery-4 .gallery-item {\n\t\t\t\tfloat: left;\n\t\t\t\tmargin-top: 10px;\n\t\t\t\ttext-align: center;\n\t\t\t\twidth: 100%;\n\t\t\t}\n\t\t\t#gallery-4 img {\n\t\t\t\tborder: 2px solid #cfcfcf;\n\t\t\t}\n\t\t\t#gallery-4 .gallery-caption {\n\t\t\t\tmargin-left: 0;\n\t\t\t}\n\t\t\t\/* see gallery_shortcode() in wp-includes\/media.php *\/\n\t\t<\/style>\n\t\t<div id='gallery-4' class='gallery galleryid-950 gallery-columns-1 gallery-size-full'><dl class='gallery-item'>\n\t\t\t<dt class='gallery-icon landscape'>\n\t\t\t\t<img decoding=\"async\" width=\"2560\" height=\"1449\" src=\"https:\/\/salonmanifest.ro\/wp-content\/uploads\/2021\/03\/DSC5479-scaled-1.jpg\" class=\"attachment-full size-full\" alt=\"\" srcset=\"https:\/\/salonmanifest.ro\/wp-content\/uploads\/2021\/03\/DSC5479-scaled-1.jpg 2560w, https:\/\/salonmanifest.ro\/wp-content\/uploads\/2021\/03\/DSC5479-scaled-1-1280x725.jpg 1280w, https:\/\/salonmanifest.ro\/wp-content\/uploads\/2021\/03\/DSC5479-scaled-1-980x555.jpg 980w, https:\/\/salonmanifest.ro\/wp-content\/uploads\/2021\/03\/DSC5479-scaled-1-480x270.jpg 480w\" sizes=\"(min-width: 0px) and (max-width: 480px) 480px, (min-width: 481px) and (max-width: 980px) 980px, (min-width: 981px) and (max-width: 1280px) 1280px, (min-width: 1281px) 2560px, 100vw\" \/>\n\t\t\t<\/dt><\/dl><br style=\"clear: both\" \/>\n\t\t<\/div>\n\n<p><span style=\"font-weight: 400;\">Toate femeile \u00ee\u0219i doresc un p\u0103r voluminos, s\u0103n\u0103tos \u0219i care s\u0103 \u00eentoarc\u0103 toate privirile, iar buclele par a fi cea mai bun\u0103 alegere care s\u0103 respecte aceste criterii. Exist\u0103 numeroase coafuri pe care le po\u021bi face c\u00e2nd vrei s\u0103 optezi pentru bucle, iar printre ele se num\u0103r\u0103 buclele lejere \u0219i cele afro.\u00a0 Cu buclele po\u021bi experimenta cel mai u\u0219or \u0219i po\u021bi s\u0103 \u00eencerci mereu ceva nou pentru a-\u021bi da seama ce \u021bi se potrive\u0219te cel mai bine.<\/span><\/p>\n<h3><span style=\"font-weight: 400;\">Bucle tip waves<\/span><\/h3>\n<p><span style=\"font-weight: 400;\">Buclele <\/span><b><i>beach waves<\/i><\/b> <span style=\"font-weight: 400;\">vor fi mereu \u00een topul preferin\u021belor tuturor femeilor. Acest tip de bucle arat\u0103 excelent pe toate persoanele \u0219i flateaz\u0103 toate formele fe\u021bei \u0219i tipurile de p\u0103r. Buclele se pot ob\u021bine at\u00e2t prin c\u0103ldur\u0103, cu ajutorul ondulatorului, dar \u0219i f\u0103r\u0103 c\u0103ldur\u0103, l\u0103s\u00e2ndu-\u021bi cocuri plasate strategic la ceaf\u0103. C\u00e2nd \u00ee\u021bi faci cocurile, p\u0103rul ar trebui s\u0103 fie u\u0219or umed \u2013 <\/span><i><span style=\"font-weight: 400;\">nu<\/span><\/i> <span style=\"font-weight: 400;\">ud.\u00a0<\/span><\/p>\n\n\t\t<style type=\"text\/css\">\n\t\t\t#gallery-5 {\n\t\t\t\tmargin: auto;\n\t\t\t}\n\t\t\t#gallery-5 .gallery-item {\n\t\t\t\tfloat: left;\n\t\t\t\tmargin-top: 10px;\n\t\t\t\ttext-align: center;\n\t\t\t\twidth: 100%;\n\t\t\t}\n\t\t\t#gallery-5 img {\n\t\t\t\tborder: 2px solid #cfcfcf;\n\t\t\t}\n\t\t\t#gallery-5 .gallery-caption {\n\t\t\t\tmargin-left: 0;\n\t\t\t}\n\t\t\t\/* see gallery_shortcode() in wp-includes\/media.php *\/\n\t\t<\/style>\n\t\t<div id='gallery-5' class='gallery galleryid-950 gallery-columns-1 gallery-size-full'><dl class='gallery-item'>\n\t\t\t<dt class='gallery-icon portrait'>\n\t\t\t\t<img decoding=\"async\" width=\"1200\" height=\"1600\" src=\"https:\/\/salonmanifest.ro\/wp-content\/uploads\/2021\/03\/Beach_Waves-3.jpeg\" class=\"attachment-full size-full\" alt=\"\" srcset=\"https:\/\/salonmanifest.ro\/wp-content\/uploads\/2021\/03\/Beach_Waves-3.jpeg 1200w, https:\/\/salonmanifest.ro\/wp-content\/uploads\/2021\/03\/Beach_Waves-3-980x1307.jpeg 980w, https:\/\/salonmanifest.ro\/wp-content\/uploads\/2021\/03\/Beach_Waves-3-480x640.jpeg 480w\" sizes=\"(min-width: 0px) and (max-width: 480px) 480px, (min-width: 481px) and (max-width: 980px) 980px, (min-width: 981px) 1200px, 100vw\" \/>\n\t\t\t<\/dt><\/dl><br style=\"clear: both\" \/>\n\t\t<\/div>\n\n<h3><\/h3>\n<h3><span style=\"font-weight: 400;\">Bucle lejere, cu aspect natural<\/span><\/h3>\n<p><b>Buclele lejere<\/b><span style=\"font-weight: 400;\"> se realizeaz\u0103 cu ajutorul ondulatorului. Pentru a ob\u021bine bucle cu aspect natural,\u00a0 separ\u0103 p\u0103rul \u00een \u0219uvi\u021be mai sub\u021biri \u0219i \u00eenf\u0103\u0219oar\u0103 fiecare \u0219uvi\u021b\u0103 c\u00e2teva secunde pe ondulator \u2013 dac\u0103 vei \u00eencerca s\u0103 \u00ee\u021bi faci coafura cu \u0219uvi\u021be mai groase, va fi mult mai greu \u0219i efectul nu va rezista la fel de mult.<\/span><\/p>\n\n\t\t<style type=\"text\/css\">\n\t\t\t#gallery-6 {\n\t\t\t\tmargin: auto;\n\t\t\t}\n\t\t\t#gallery-6 .gallery-item {\n\t\t\t\tfloat: left;\n\t\t\t\tmargin-top: 10px;\n\t\t\t\ttext-align: center;\n\t\t\t\twidth: 100%;\n\t\t\t}\n\t\t\t#gallery-6 img {\n\t\t\t\tborder: 2px solid #cfcfcf;\n\t\t\t}\n\t\t\t#gallery-6 .gallery-caption {\n\t\t\t\tmargin-left: 0;\n\t\t\t}\n\t\t\t\/* see gallery_shortcode() in wp-includes\/media.php *\/\n\t\t<\/style>\n\t\t<div id='gallery-6' class='gallery galleryid-950 gallery-columns-1 gallery-size-full'><dl class='gallery-item'>\n\t\t\t<dt class='gallery-icon portrait'>\n\t\t\t\t<img decoding=\"async\" width=\"1200\" height=\"1600\" src=\"https:\/\/salonmanifest.ro\/wp-content\/uploads\/2021\/03\/laFrench_Inoa.jpeg\" class=\"attachment-full size-full\" alt=\"\" srcset=\"https:\/\/salonmanifest.ro\/wp-content\/uploads\/2021\/03\/laFrench_Inoa.jpeg 1200w, https:\/\/salonmanifest.ro\/wp-content\/uploads\/2021\/03\/laFrench_Inoa-980x1307.jpeg 980w, https:\/\/salonmanifest.ro\/wp-content\/uploads\/2021\/03\/laFrench_Inoa-480x640.jpeg 480w\" sizes=\"(min-width: 0px) and (max-width: 480px) 480px, (min-width: 481px) and (max-width: 980px) 980px, (min-width: 981px) 1200px, 100vw\" \/>\n\t\t\t<\/dt><\/dl><br style=\"clear: both\" \/>\n\t\t<\/div>\n\n<h3><span style=\"font-weight: 400;\">Coafarea parului lung in stil afro &#8211; cu bucle foarte mici si dese<\/span><\/h3>\n<p><span style=\"font-weight: 400;\">Coafura p\u0103rului \u00een <\/span><b>stil afro<\/b><span style=\"font-weight: 400;\"> este mereu o op\u021biune \u00eendr\u0103znea\u021b\u0103 \u0219i extravagant\u0103 \u0219i, chiar dac\u0103 dureaz\u0103 pu\u021bin mai mult timp, rezultatul final este unul extraordinar. Pentru a-\u021bi putea stiliza p\u0103rul \u00een acest fel este esen\u021bial un ondulator de p\u0103r pentru bucle afro. Se iau \u0219uvi\u021be mici de p\u0103r \u0219i se \u00eenconjoar\u0103 c\u00e2teva secunde \u00een jurul ondulatorului. Efectul va fi unul <\/span><i><span style=\"font-weight: 400;\">chic <\/span><\/i><span style=\"font-weight: 400;\">de care nu te vei putea plictisi niciodat\u0103.<\/span><\/p>\n\n\t\t<style type=\"text\/css\">\n\t\t\t#gallery-7 {\n\t\t\t\tmargin: auto;\n\t\t\t}\n\t\t\t#gallery-7 .gallery-item {\n\t\t\t\tfloat: left;\n\t\t\t\tmargin-top: 10px;\n\t\t\t\ttext-align: center;\n\t\t\t\twidth: 100%;\n\t\t\t}\n\t\t\t#gallery-7 img {\n\t\t\t\tborder: 2px solid #cfcfcf;\n\t\t\t}\n\t\t\t#gallery-7 .gallery-caption {\n\t\t\t\tmargin-left: 0;\n\t\t\t}\n\t\t\t\/* see gallery_shortcode() in wp-includes\/media.php *\/\n\t\t<\/style>\n\t\t<div id='gallery-7' class='gallery galleryid-950 gallery-columns-1 gallery-size-full'><dl class='gallery-item'>\n\t\t\t<dt class='gallery-icon portrait'>\n\t\t\t\t<img decoding=\"async\" width=\"788\" height=\"1080\" src=\"https:\/\/salonmanifest.ro\/wp-content\/uploads\/2021\/03\/mariaplesaa_20210327_180756-e1618408051793.jpg\" class=\"attachment-full size-full\" alt=\"\" srcset=\"https:\/\/salonmanifest.ro\/wp-content\/uploads\/2021\/03\/mariaplesaa_20210327_180756-e1618408051793.jpg 788w, https:\/\/salonmanifest.ro\/wp-content\/uploads\/2021\/03\/mariaplesaa_20210327_180756-e1618408051793-480x658.jpg 480w\" sizes=\"(min-width: 0px) and (max-width: 480px) 480px, (min-width: 481px) 788px, 100vw\" \/>\n\t\t\t<\/dt><\/dl><br style=\"clear: both\" \/>\n\t\t<\/div>\n\n<h2><b>Idei de coafuri pentru par lung prins in coada<\/b><\/h2>\n\n\t\t<style type=\"text\/css\">\n\t\t\t#gallery-8 {\n\t\t\t\tmargin: auto;\n\t\t\t}\n\t\t\t#gallery-8 .gallery-item {\n\t\t\t\tfloat: left;\n\t\t\t\tmargin-top: 10px;\n\t\t\t\ttext-align: center;\n\t\t\t\twidth: 100%;\n\t\t\t}\n\t\t\t#gallery-8 img {\n\t\t\t\tborder: 2px solid #cfcfcf;\n\t\t\t}\n\t\t\t#gallery-8 .gallery-caption {\n\t\t\t\tmargin-left: 0;\n\t\t\t}\n\t\t\t\/* see gallery_shortcode() in wp-includes\/media.php *\/\n\t\t<\/style>\n\t\t<div id='gallery-8' class='gallery galleryid-950 gallery-columns-1 gallery-size-full'><dl class='gallery-item'>\n\t\t\t<dt class='gallery-icon portrait'>\n\t\t\t\t<img decoding=\"async\" width=\"1080\" height=\"1350\" src=\"https:\/\/salonmanifest.ro\/wp-content\/uploads\/2021\/03\/erida.putineanu_20210327_180231.jpg\" class=\"attachment-full size-full\" alt=\"\" srcset=\"https:\/\/salonmanifest.ro\/wp-content\/uploads\/2021\/03\/erida.putineanu_20210327_180231.jpg 1080w, https:\/\/salonmanifest.ro\/wp-content\/uploads\/2021\/03\/erida.putineanu_20210327_180231-980x1225.jpg 980w, https:\/\/salonmanifest.ro\/wp-content\/uploads\/2021\/03\/erida.putineanu_20210327_180231-480x600.jpg 480w\" sizes=\"(min-width: 0px) and (max-width: 480px) 480px, (min-width: 481px) and (max-width: 980px) 980px, (min-width: 981px) 1080px, 100vw\" \/>\n\t\t\t<\/dt><\/dl><br style=\"clear: both\" \/>\n\t\t<\/div>\n\n<p><span style=\"font-weight: 400;\">C\u00e2nd vine vorba de coafarea p\u0103rului lung prins \u00een coad\u0103, oportunit\u0103\u021bile sunt infinite. \u00cen func\u021bie de tipul personalit\u0103\u021bii tale, po\u021bi opta pentru o coafur\u0103 simpl\u0103 \u0219i elegant\u0103 care exprim\u0103 feminitate sau un <\/span><i><span style=\"font-weight: 400;\">look <\/span><\/i><span style=\"font-weight: 400;\">\u00eendr\u0103zne\u021b, voluminos \u0219i dinamic.\u00a0\u00a0<\/span><\/p>\n<h2><span style=\"font-weight: 400;\">Coada laterala\u00a0<\/span><\/h2>\n<p><b>Coada lateral\u0103<\/b><span style=\"font-weight: 400;\"> este o alternativ\u0103 clasic\u0103 \u0219i elegant\u0103 a celei simple, realizate \u00eentr-o parte. Este indicat s\u0103 v\u0103 sp\u0103la\u021bi p\u0103rul \u00eenainte pentru a oferi o rezisten\u021b\u0103 mai mare coafurii. \u00cemp\u0103r\u021bi\u021bi p\u0103rul umed \u00een dou\u0103 sec\u021biuni egale \u0219i r\u0103suci\u021bi p\u0103rul din partea opus\u0103 \u00eentr-un cilindru, fix\u00e2ndu-l pe parcurs cu agrafe. C\u00e2nd\u00a0 va ajunge la urechea din partea opus\u0103 a c\u0103r\u0103rii, str\u00e2nge\u021bi p\u0103rul r\u0103mas \u00eentr-o coad\u0103. Este recomandat s\u0103 folosi\u021bi fixativ pentru a prelungi efectul.<\/span><\/p>\n<h3><span style=\"font-weight: 400;\">Coada tip fishtail<\/span><\/h3>\n<p><b>Coada de pe\u0219te<\/b><span style=\"font-weight: 400;\"> va fi mereu una dintre preferatele tuturor, fiind o \u00eempletitur\u0103 simpl\u0103 care nu necesit\u0103 mult efort. Prinde-\u021bi p\u0103rul \u00eentr-o coad\u0103 de cal \u0219i separ\u0103-l \u00een dou\u0103 p\u0103r\u021bi egale. Este indicat s\u0103 folose\u0219ti un elastic transparent pentru a nu se vedea ur\u00e2t la finalul \u00eempletiturii. Separ\u0103 o sec\u021biune de jum\u0103tate de centimetru de p\u0103r de exteriorul cozii de cal din partea st\u00e2ng\u0103 \u0219i mut-o spre partea dreapt\u0103, trec\u00e2nd peste aceasta pentru a uni suvi\u021ba cu partea st\u00e2ng\u0103, din nou. Trebuie s\u0103 mu\u021bi suvi\u021ba u\u0219or, f\u0103r\u0103 s\u0103 o r\u0103suce\u0219ti, pentru un aspect c\u00e2t mai <\/span><i><span style=\"font-weight: 400;\">clean<\/span><\/i><span style=\"font-weight: 400;\"> \u0219i elegant. Alege o nou\u0103 suvi\u021b\u0103 sub\u021bire din partea opus\u0103 \u0219i repet\u0103 pa\u0219ii. C\u00e2nd a\u021bi terminat de \u00eempletit, fixa\u021bi capetele cu un al doilea elastic transparent.<\/span><\/p>\n<h3><span style=\"font-weight: 400;\">Coada tip funie<\/span><\/h3>\n<p><b>Coada funie<\/b><span style=\"font-weight: 400;\"> este u\u0219or de realizat \u0219i este o coafur\u0103 realizat\u0103 \u00een doar 2-3 minute. Cu ajutorul unui elastic rezistent, str\u00e2nge p\u0103rul sus \u00eentr-o coad\u0103 de cal. Dup\u0103, \u00eemp\u0103r\u021bi\u021bi coada \u00een dou\u0103 sec\u021biuni egale pe care le vei r\u0103suci \u00eentre ele \u00eenc\u00e2t s\u0103 ob\u021bi o funie. La final, fixeaz\u0103 coada cu un elastic transparent.\u00a0\u00a0<\/span><\/p>\n<h2><span style=\"font-weight: 400;\">Coada rasucita<\/span><\/h2>\n<p><b>Coada r\u0103sucit\u0103<\/b><span style=\"font-weight: 400;\"> este o coafur\u0103 \u00eendr\u0103git\u0103 de multe femei, deoarece este u\u0219or de realizat \u0219i \u00een acela\u0219i timp transmite feminitate \u0219i rafinament. Ca prim pas, trebuie s\u0103 stabile\u0219ti la ce nivel vrei s\u0103 \u00ee\u021bi fie coada. Fixeaz\u0103 p\u0103rul cu ajutorul unui elastic, apoi creeaz\u0103 o gaur\u0103 \u00een par chiar deasupra elasticului. Urm\u0103torul pas este de a trece p\u0103rul prin gaura creat\u0103 \u0219i ca s\u0103 \u00ee\u021bi fie mai u\u0219or, po\u021bi r\u0103suci p\u0103rul \u00eentr-un \u0219nur. \u00cen func\u021bie de ce preferin\u021be ai, dac\u0103 vrei s\u0103 optezi pentru un <\/span><i><span style=\"font-weight: 400;\">look <\/span><\/i><span style=\"font-weight: 400;\">rebel sau nu, po\u021bi aplica pe palm\u0103 pu\u021bin produs de aranjare pentru a nivela firele rebele.\u00a0<\/span><\/p>\n<h3><span style=\"font-weight: 400;\">Coada tip ponytail<\/span><\/h3>\n<p><b>Coada de cal<\/b><span style=\"font-weight: 400;\"> este varianta clasic\u0103 a acestei coafuri, fiind, poate cea mai u\u0219or de realizat. Pentru o coad\u0103 de tip <\/span><i><span style=\"font-weight: 400;\">ponytail<\/span><\/i><span style=\"font-weight: 400;\"> de efect, po\u021bi s\u0103 \u00ee\u021bi faci ni\u0219te bucle lejere apoi s\u0103 prinzi p\u0103rul str\u00e2ns. cu un elastic, dar s\u0103 la\u0219i o suvi\u021b\u0103 sub\u021bire afar\u0103. Ia suvi\u021ba sub\u021bire \u0219i \u00eenconjoar-o \u00een jurul elasticului pentru a-l acoperi \u00eentregime \u0219i fixeaz\u0103 cu o agraf\u0103 de culoarea p\u0103rului. \u00cen func\u021bie de preferin\u021be, po\u021bi folosi \u0219i un produs de aranjare pentru a nivela firele rebele.<\/span><\/p>\n<h2>Idei de impletituri pentru par lung<\/h2>\n\n\t\t<style type=\"text\/css\">\n\t\t\t#gallery-9 {\n\t\t\t\tmargin: auto;\n\t\t\t}\n\t\t\t#gallery-9 .gallery-item {\n\t\t\t\tfloat: left;\n\t\t\t\tmargin-top: 10px;\n\t\t\t\ttext-align: center;\n\t\t\t\twidth: 100%;\n\t\t\t}\n\t\t\t#gallery-9 img {\n\t\t\t\tborder: 2px solid #cfcfcf;\n\t\t\t}\n\t\t\t#gallery-9 .gallery-caption {\n\t\t\t\tmargin-left: 0;\n\t\t\t}\n\t\t\t\/* see gallery_shortcode() in wp-includes\/media.php *\/\n\t\t<\/style>\n\t\t<div id='gallery-9' class='gallery galleryid-950 gallery-columns-1 gallery-size-full'><dl class='gallery-item'>\n\t\t\t<dt class='gallery-icon portrait'>\n\t\t\t\t<img decoding=\"async\" width=\"1080\" height=\"1350\" src=\"https:\/\/salonmanifest.ro\/wp-content\/uploads\/2021\/03\/erida.putineanu_20210316_223242-1.jpg\" class=\"attachment-full size-full\" alt=\"\" srcset=\"https:\/\/salonmanifest.ro\/wp-content\/uploads\/2021\/03\/erida.putineanu_20210316_223242-1.jpg 1080w, https:\/\/salonmanifest.ro\/wp-content\/uploads\/2021\/03\/erida.putineanu_20210316_223242-1-980x1225.jpg 980w, https:\/\/salonmanifest.ro\/wp-content\/uploads\/2021\/03\/erida.putineanu_20210316_223242-1-480x600.jpg 480w\" sizes=\"(min-width: 0px) and (max-width: 480px) 480px, (min-width: 481px) and (max-width: 980px) 980px, (min-width: 981px) 1080px, 100vw\" \/>\n\t\t\t<\/dt><\/dl><br style=\"clear: both\" \/>\n\t\t<\/div>\n\n<p><span style=\"font-weight: 400;\">\u00cempletiturile sunt diafane \u0219i delicate, iar dac\u0103 p\u0103rul t\u0103u are una dintre acele <\/span><i><span style=\"font-weight: 400;\">bad days<\/span><\/i><span style=\"font-weight: 400;\"> (de\u0219i noi nu credem \u00een ele), po\u021bi alege s\u0103 \u00ee\u021bi \u00eemplete\u0219ti p\u0103rul:<\/span><\/p>\n<ul>\n<li><span style=\"font-weight: 400;\"><span style=\"font-weight: 400;\">\u00cempletitur\u0103 coad\u0103 de pe\u0219te;<br \/>\n<\/span><\/span><\/li>\n<li><span style=\"font-weight: 400;\"><span style=\"font-weight: 400;\">\u00cempletitur\u0103 spic de gr\u00e2u;<br \/>\n<\/span><\/span><\/li>\n<li><span style=\"font-weight: 400;\"><span style=\"font-weight: 400;\">\u00cempletitur\u0103 siren\u0103;<br \/>\n<\/span><\/span><\/li>\n<li><span style=\"font-weight: 400;\"><span style=\"font-weight: 400;\">\u00cempletitur\u0103 cascad\u0103;<br \/>\n<\/span><\/span><\/li>\n<li><span style=\"font-weight: 400;\">Coc \u00eempletit;<br \/>\n<\/span><\/li>\n<\/ul>\n<h2><b>Cocuri inedite pentru parul lung<\/b><\/h2>\n\n\t\t<style type=\"text\/css\">\n\t\t\t#gallery-10 {\n\t\t\t\tmargin: auto;\n\t\t\t}\n\t\t\t#gallery-10 .gallery-item {\n\t\t\t\tfloat: left;\n\t\t\t\tmargin-top: 10px;\n\t\t\t\ttext-align: center;\n\t\t\t\twidth: 100%;\n\t\t\t}\n\t\t\t#gallery-10 img {\n\t\t\t\tborder: 2px solid #cfcfcf;\n\t\t\t}\n\t\t\t#gallery-10 .gallery-caption {\n\t\t\t\tmargin-left: 0;\n\t\t\t}\n\t\t\t\/* see gallery_shortcode() in wp-includes\/media.php *\/\n\t\t<\/style>\n\t\t<div id='gallery-10' class='gallery galleryid-950 gallery-columns-1 gallery-size-full'><dl class='gallery-item'>\n\t\t\t<dt class='gallery-icon landscape'>\n\t\t\t\t<img decoding=\"async\" width=\"1080\" height=\"1080\" src=\"https:\/\/salonmanifest.ro\/wp-content\/uploads\/2021\/03\/20200528_103250-1.jpg\" class=\"attachment-full size-full\" alt=\"\" srcset=\"https:\/\/salonmanifest.ro\/wp-content\/uploads\/2021\/03\/20200528_103250-1.jpg 1080w, https:\/\/salonmanifest.ro\/wp-content\/uploads\/2021\/03\/20200528_103250-1-980x980.jpg 980w, https:\/\/salonmanifest.ro\/wp-content\/uploads\/2021\/03\/20200528_103250-1-480x480.jpg 480w\" sizes=\"(min-width: 0px) and (max-width: 480px) 480px, (min-width: 481px) and (max-width: 980px) 980px, (min-width: 981px) 1080px, 100vw\" \/>\n\t\t\t<\/dt><\/dl><br style=\"clear: both\" \/>\n\t\t<\/div>\n\n<p><span style=\"font-weight: 400;\">Norocul persoanelor cu p\u0103r lung este c\u0103 niciodat\u0103 nu ar putea r\u0103m\u00e2ne f\u0103r\u0103 idei sau op\u021biuni de stilizare a p\u0103rului, chiar \u0219i c\u00e2nd vine vorba de cocuri. Ai op\u021biuni multiple, de la cocuri clasice \u0219i feminine, p\u00e2n\u0103 la <\/span><i><span style=\"font-weight: 400;\">messy buns \u2013 <\/span><\/i><span style=\"font-weight: 400;\">coafuri care sunt u\u0219or de realizat, gata \u00een doar c\u00e2teva minute.<\/span><\/p>\n<h3><span style=\"font-weight: 400;\">Coc lejer, simplu si rapid<\/span><\/h3>\n<p><b>Cocurile lejere<\/b><span style=\"font-weight: 400;\"> sunt \u00een topul preferin\u021belor femeilor fiind preferate <\/span><i><span style=\"font-weight: 400;\">look-urile<\/span><\/i><span style=\"font-weight: 400;\"> \u00eendr\u0103zne\u021be \u0219i voluminoase. Pentru a crea un <\/span><i><span style=\"font-weight: 400;\">messy bun, <\/span><\/i><span style=\"font-weight: 400;\">\u00een primul r\u00e2nd, apleac\u0103-te cu capul \u00een jos \u0219i prinde-\u021bi p\u0103rul \u00eentr-o coad\u0103 de cal, care s\u0103 nu fie str\u00e2ns\u0103. R\u0103suce\u0219te p\u0103rul \u0219i rote\u0219te-l \u00een jurul bazei cozii de cal, continu\u00e2nd s\u0103 \u00eenf\u0103\u0219ori sub coc \u2013 rezult\u00e2nd \u00eentr-un\u00a0 <\/span><i><span style=\"font-weight: 400;\">look <\/span><\/i><span style=\"font-weight: 400;\">voluminos, dezordonat \u0219i de efect.<\/span><\/p>\n<h3><span style=\"font-weight: 400;\">Coc tip scoica<\/span><\/h3>\n<p><b>Cocul scoic\u0103<\/b><span style=\"font-weight: 400;\"> este unul dintre cele mai \u00eendr\u0103gite coafuri pentru c\u0103 nu necesit\u0103 dec\u00e2t pu\u0163in\u0103 \u00eendem\u00e2nare \u015fi un spray puternic de fixare, care s\u0103 ajute coafura s\u0103 reziste c\u00e2t mai mult timp. Coafura pote fi creat\u0103 dac\u0103 st\u00e2ngi p\u0103rul \u00eentr-o coad\u0103 \u0219i eliberezi elasticul 5 cm de cap, astfel \u00eenc\u00e2t p\u0103rul s\u0103 nu mai fie str\u00e2ns. Urm\u0103torul pas este s\u0103 r\u0103suce\u0219ti p\u0103rul \u00eentr-un \u0219nur \u0219i s\u0103 \u00eel rote\u0219ti spre r\u0103d\u0103cina p\u0103rului, \u00een interior. Pentru a fixa p\u0103rul po\u021bi folosi agrafe. Efectul coafurii va fi unul rafinat \u0219i va dura o zi \u00eentreag\u0103 dac\u0103 folose\u0219ti unspray de fixare puternic \u0219i, dac\u0103 dore\u0219ti s\u0103 \u00eei adaugi un aer mai sofisticat po\u021bi ad\u0103uga accesorii.<\/span><\/p>\n\n\t\t<style type=\"text\/css\">\n\t\t\t#gallery-11 {\n\t\t\t\tmargin: auto;\n\t\t\t}\n\t\t\t#gallery-11 .gallery-item {\n\t\t\t\tfloat: left;\n\t\t\t\tmargin-top: 10px;\n\t\t\t\ttext-align: center;\n\t\t\t\twidth: 100%;\n\t\t\t}\n\t\t\t#gallery-11 img {\n\t\t\t\tborder: 2px solid #cfcfcf;\n\t\t\t}\n\t\t\t#gallery-11 .gallery-caption {\n\t\t\t\tmargin-left: 0;\n\t\t\t}\n\t\t\t\/* see gallery_shortcode() in wp-includes\/media.php *\/\n\t\t<\/style>\n\t\t<div id='gallery-11' class='gallery galleryid-950 gallery-columns-1 gallery-size-full'><dl class='gallery-item'>\n\t\t\t<dt class='gallery-icon portrait'>\n\t\t\t\t<img decoding=\"async\" width=\"1200\" height=\"1600\" src=\"https:\/\/salonmanifest.ro\/wp-content\/uploads\/2021\/03\/SmokyCoc1.jpeg\" class=\"attachment-full size-full\" alt=\"\" srcset=\"https:\/\/salonmanifest.ro\/wp-content\/uploads\/2021\/03\/SmokyCoc1.jpeg 1200w, https:\/\/salonmanifest.ro\/wp-content\/uploads\/2021\/03\/SmokyCoc1-980x1307.jpeg 980w, https:\/\/salonmanifest.ro\/wp-content\/uploads\/2021\/03\/SmokyCoc1-480x640.jpeg 480w\" sizes=\"(min-width: 0px) and (max-width: 480px) 480px, (min-width: 481px) and (max-width: 980px) 980px, (min-width: 981px) 1200px, 100vw\" \/>\n\t\t\t<\/dt><\/dl><br style=\"clear: both\" \/>\n\t\t<\/div>\n\n<h3><span style=\"font-weight: 400;\">Coc la ceafa<\/span><\/h3>\n<p><b>Cocul la ceaf\u0103<\/b><span style=\"font-weight: 400;\"> este una dintre cele mai u\u0219oare coafuri \u0219i necesit\u0103 doar 2-3 minute. Prinde-\u021bi p\u0103rul \u00eentr-o coad\u0103 de cal joas\u0103 lejer\u0103, apoi r\u0103suce\u0219te p\u0103rul \u0219i rote\u0219te-l \u00een jurul bazei cozii continu\u00e2nd s\u0103 \u00eenf\u0103\u0219ori, p\u00e2n\u0103 formezi un coc. Dup\u0103 preferin\u021be po\u021bi s\u0103 \u00eel faci mai str\u00e2ns si elegant sau dezordonat \u0219i voluminos. Este o coafur\u0103 simpl\u0103 care nu dezam\u0103ge\u0219te niciodat\u0103.<\/span><\/p>\n\n\t\t<style type=\"text\/css\">\n\t\t\t#gallery-12 {\n\t\t\t\tmargin: auto;\n\t\t\t}\n\t\t\t#gallery-12 .gallery-item {\n\t\t\t\tfloat: left;\n\t\t\t\tmargin-top: 10px;\n\t\t\t\ttext-align: center;\n\t\t\t\twidth: 100%;\n\t\t\t}\n\t\t\t#gallery-12 img {\n\t\t\t\tborder: 2px solid #cfcfcf;\n\t\t\t}\n\t\t\t#gallery-12 .gallery-caption {\n\t\t\t\tmargin-left: 0;\n\t\t\t}\n\t\t\t\/* see gallery_shortcode() in wp-includes\/media.php *\/\n\t\t<\/style>\n\t\t<div id='gallery-12' class='gallery galleryid-950 gallery-columns-1 gallery-size-full'><dl class='gallery-item'>\n\t\t\t<dt class='gallery-icon landscape'>\n\t\t\t\t<img decoding=\"async\" width=\"960\" height=\"960\" src=\"https:\/\/salonmanifest.ro\/wp-content\/uploads\/2021\/03\/mireasa_manifest-1.jpeg\" class=\"attachment-full size-full\" alt=\"\" srcset=\"https:\/\/salonmanifest.ro\/wp-content\/uploads\/2021\/03\/mireasa_manifest-1.jpeg 960w, https:\/\/salonmanifest.ro\/wp-content\/uploads\/2021\/03\/mireasa_manifest-1-480x480.jpeg 480w\" sizes=\"(min-width: 0px) and (max-width: 480px) 480px, (min-width: 481px) 960px, 100vw\" \/>\n\t\t\t<\/dt><\/dl><br style=\"clear: both\" \/>\n\t\t<\/div>\n\n<h3><span style=\"font-weight: 400;\">Coc cu impletitura frantuzeasca<\/span><\/h3>\n<p><span style=\"font-weight: 400;\">\u00cempletitura fran\u021buzeasc\u0103 sau Oklahoma &#8211; fie ea \u00eencorporat\u0103 \u00eentr-un coc, fie ea de sine st\u0103t\u0103toare, genereaz\u0103 o elegan\u021b\u0103 aparte. Rupt\u0103 parc\u0103 din coafurile doamnelor din Versailles, \u00eempletitura fran\u021buzeasc\u0103 nu e \u00eentocmai u\u0219or de realizat, dar exerci\u021biul na\u0219te performan\u021b\u0103. E recomandat\u0103 atunci c\u00e2nd deja a trecut o zi sau dou\u0103 de la sp\u0103larea p\u0103rului, ca s\u0103 te asiguri c\u0103 p\u0103rul e suficient de texturat.\u00a0<\/span><\/p>\n<h2>Coafuri pentru par lung folosind accesorii chic<\/h2>\n\n\t\t<style type=\"text\/css\">\n\t\t\t#gallery-13 {\n\t\t\t\tmargin: auto;\n\t\t\t}\n\t\t\t#gallery-13 .gallery-item {\n\t\t\t\tfloat: left;\n\t\t\t\tmargin-top: 10px;\n\t\t\t\ttext-align: center;\n\t\t\t\twidth: 100%;\n\t\t\t}\n\t\t\t#gallery-13 img {\n\t\t\t\tborder: 2px solid #cfcfcf;\n\t\t\t}\n\t\t\t#gallery-13 .gallery-caption {\n\t\t\t\tmargin-left: 0;\n\t\t\t}\n\t\t\t\/* see gallery_shortcode() in wp-includes\/media.php *\/\n\t\t<\/style>\n\t\t<div id='gallery-13' class='gallery galleryid-950 gallery-columns-1 gallery-size-full'><dl class='gallery-item'>\n\t\t\t<dt class='gallery-icon portrait'>\n\t\t\t\t<img decoding=\"async\" width=\"1080\" height=\"1350\" src=\"https:\/\/salonmanifest.ro\/wp-content\/uploads\/2021\/03\/ligia.ghiulai_20210318_110758.jpg\" class=\"attachment-full size-full\" alt=\"\" srcset=\"https:\/\/salonmanifest.ro\/wp-content\/uploads\/2021\/03\/ligia.ghiulai_20210318_110758.jpg 1080w, https:\/\/salonmanifest.ro\/wp-content\/uploads\/2021\/03\/ligia.ghiulai_20210318_110758-980x1225.jpg 980w, https:\/\/salonmanifest.ro\/wp-content\/uploads\/2021\/03\/ligia.ghiulai_20210318_110758-480x600.jpg 480w\" sizes=\"(min-width: 0px) and (max-width: 480px) 480px, (min-width: 481px) and (max-width: 980px) 980px, (min-width: 981px) 1080px, 100vw\" \/>\n\t\t\t<\/dt><\/dl><br style=\"clear: both\" \/>\n\t\t<\/div>\n\n<p><span style=\"font-weight: 400;\">Accesoriile pentru p\u0103r au puterea de a schimba radical <\/span><i><span style=\"font-weight: 400;\">look-ul <\/span><\/i><span style=\"font-weight: 400;\">unei persoane. O variant\u0103 ar fi ad\u0103ugarea <\/span><b>perlelor<\/b><span style=\"font-weight: 400;\"> \u00eentr-o \u00eempletitur\u0103 siren\u0103, iar a\u0219a devine automat mult mai feminin\u0103 \u0219i sofisticat\u0103. Totodat\u0103, dac\u0103 e\u0219ti pe grab\u0103 po\u021bi opta pentru un coc lejer prins cu un <\/span><b>cle\u0219te de p\u0103r<\/b><span style=\"font-weight: 400;\">, chiar dac\u0103 nu ai f\u0103cut mare lucru, coafura este de efect. \u00cen ultima vreme, <\/span><b>elasticele de p\u0103r cu e\u0219arf\u0103 de m\u0103tase <\/b><span style=\"font-weight: 400;\">sunt tot mai folosite. Dac\u0103 te-ai plictisit de o coad\u0103 banal\u0103 de cal, po\u021bi oric\u00e2nd s\u0103 adaugi un astfel de elastic pentru ad\u0103uga un aer fresh <\/span><i><span style=\"font-weight: 400;\">look-ului<\/span><\/i><span style=\"font-weight: 400;\">.<\/span><\/p>\n\n\t\t<style type=\"text\/css\">\n\t\t\t#gallery-14 {\n\t\t\t\tmargin: auto;\n\t\t\t}\n\t\t\t#gallery-14 .gallery-item {\n\t\t\t\tfloat: left;\n\t\t\t\tmargin-top: 10px;\n\t\t\t\ttext-align: center;\n\t\t\t\twidth: 100%;\n\t\t\t}\n\t\t\t#gallery-14 img {\n\t\t\t\tborder: 2px solid #cfcfcf;\n\t\t\t}\n\t\t\t#gallery-14 .gallery-caption {\n\t\t\t\tmargin-left: 0;\n\t\t\t}\n\t\t\t\/* see gallery_shortcode() in wp-includes\/media.php *\/\n\t\t<\/style>\n\t\t<div id='gallery-14' class='gallery galleryid-950 gallery-columns-1 gallery-size-full'><dl class='gallery-item'>\n\t\t\t<dt class='gallery-icon portrait'>\n\t\t\t\t<img decoding=\"async\" width=\"1080\" height=\"1350\" src=\"https:\/\/salonmanifest.ro\/wp-content\/uploads\/2021\/03\/erida.putineanu_20201026_103003-1.jpg\" class=\"attachment-full size-full\" alt=\"\" srcset=\"https:\/\/salonmanifest.ro\/wp-content\/uploads\/2021\/03\/erida.putineanu_20201026_103003-1.jpg 1080w, https:\/\/salonmanifest.ro\/wp-content\/uploads\/2021\/03\/erida.putineanu_20201026_103003-1-980x1225.jpg 980w, https:\/\/salonmanifest.ro\/wp-content\/uploads\/2021\/03\/erida.putineanu_20201026_103003-1-480x600.jpg 480w\" sizes=\"(min-width: 0px) and (max-width: 480px) 480px, (min-width: 481px) and (max-width: 980px) 980px, (min-width: 981px) 1080px, 100vw\" \/>\n\t\t\t<\/dt><\/dl><br style=\"clear: both\" \/>\n\t\t<\/div>\n\n<p><span style=\"font-weight: 400;\">Alte accesorii de p\u0103r:<\/span><\/p>\n<ul>\n<li><span style=\"font-weight: 400;\">Cordelu\u021be;<br \/>\n<\/span><\/li>\n<li><span style=\"font-weight: 400;\"><span style=\"font-weight: 400;\"><span style=\"font-weight: 400;\">Clame (dac\u0103 folose\u0219ti clame, este recomandat s\u0103 ai un num\u0103r impar);<\/span><\/span><\/span><\/li>\n<li><span style=\"font-weight: 400;\"><span style=\"font-weight: 400;\"><span style=\"font-weight: 400;\">Benti\u021be;<\/span><\/span><\/span><\/li>\n<li><span style=\"font-weight: 400;\"><span style=\"font-weight: 400;\"><span style=\"font-weight: 400;\">Clam\u0103 de p\u0103r cu fund\u0103;<\/span><\/span><\/span><\/li>\n<li><span style=\"font-weight: 400;\"><span style=\"font-weight: 400;\">E\u0219arf\u0103 de catifea;<\/span><\/span><\/li>\n<\/ul>\n<h2><\/h2>\n<h2><b>Ce coafuri recomanda profesionistii Man!fest pentru par lung<\/b><\/h2>\n\n\t\t<style type=\"text\/css\">\n\t\t\t#gallery-15 {\n\t\t\t\tmargin: auto;\n\t\t\t}\n\t\t\t#gallery-15 .gallery-item {\n\t\t\t\tfloat: left;\n\t\t\t\tmargin-top: 10px;\n\t\t\t\ttext-align: center;\n\t\t\t\twidth: 100%;\n\t\t\t}\n\t\t\t#gallery-15 img {\n\t\t\t\tborder: 2px solid #cfcfcf;\n\t\t\t}\n\t\t\t#gallery-15 .gallery-caption {\n\t\t\t\tmargin-left: 0;\n\t\t\t}\n\t\t\t\/* see gallery_shortcode() in wp-includes\/media.php *\/\n\t\t<\/style>\n\t\t<div id='gallery-15' class='gallery galleryid-950 gallery-columns-1 gallery-size-full'><dl class='gallery-item'>\n\t\t\t<dt class='gallery-icon landscape'>\n\t\t\t\t<img decoding=\"async\" width=\"2560\" height=\"1449\" src=\"https:\/\/salonmanifest.ro\/wp-content\/uploads\/2021\/03\/DSC3685-scaled-1.jpg\" class=\"attachment-full size-full\" alt=\"\" srcset=\"https:\/\/salonmanifest.ro\/wp-content\/uploads\/2021\/03\/DSC3685-scaled-1.jpg 2560w, https:\/\/salonmanifest.ro\/wp-content\/uploads\/2021\/03\/DSC3685-scaled-1-1280x725.jpg 1280w, https:\/\/salonmanifest.ro\/wp-content\/uploads\/2021\/03\/DSC3685-scaled-1-980x555.jpg 980w, https:\/\/salonmanifest.ro\/wp-content\/uploads\/2021\/03\/DSC3685-scaled-1-480x272.jpg 480w\" sizes=\"(min-width: 0px) and (max-width: 480px) 480px, (min-width: 481px) and (max-width: 980px) 980px, (min-width: 981px) and (max-width: 1280px) 1280px, (min-width: 1281px) 2560px, 100vw\" \/>\n\t\t\t<\/dt><\/dl><br style=\"clear: both\" \/>\n\t\t<\/div>\n\n<p><span style=\"font-weight: 400;\">P\u0103rul lung a fost dintotdeauna semnul elegan\u021bei supreme; ce ne place cel mai mult la p\u0103rul lung? Versatilitatea sa. Po\u021bi contura look-uri clasice, elegante, diafane, juc\u0103u\u0219e, rebele \u0219i, dincolo de asta, te po\u021bi vopsi \u00een orice culoare vrei, iar cu ajutorul tehnicilor premium de vopsire po\u021bi crea dimensiune \u0219i volum. Ce facem noi, la Man!fest, cu p\u0103rul lung? <\/span><\/p>\n<p><span style=\"font-weight: 400;\">Iat\u0103 c\u00e2teva dintre look-urile noastre preferate:\u00a0<\/span><\/p>\n<ul>\n<li style=\"font-weight: 400;\" aria-level=\"1\"><i><span style=\"font-weight: 400;\">beach waves, beach waves, beach waves <\/span><\/i><span style=\"font-weight: 400;\"><span style=\"font-weight: 400;\"><span style=\"font-weight: 400;\">&#8211; buclele lejere r\u0103m\u00e2n \u00een topul preferin\u021belor pentru c\u0103 eman\u0103 elegan\u021b\u0103 relaxat\u0103;<\/span><\/span><\/span><\/li>\n<li style=\"font-weight: 400;\" aria-level=\"1\"><span style=\"font-weight: 400;\">p\u0103r lung drept, s\u0103n\u0103tos \u0219i <\/span><i><span style=\"font-weight: 400;\">sleek<\/span><\/i><span style=\"font-weight: 400;\"><span style=\"font-weight: 400;\"><span style=\"font-weight: 400;\">, cu ajutorul Steampod 3.0;<\/span><\/span><\/span><\/li>\n<\/ul>\n\n\t\t<style type=\"text\/css\">\n\t\t\t#gallery-16 {\n\t\t\t\tmargin: auto;\n\t\t\t}\n\t\t\t#gallery-16 .gallery-item {\n\t\t\t\tfloat: left;\n\t\t\t\tmargin-top: 10px;\n\t\t\t\ttext-align: center;\n\t\t\t\twidth: 100%;\n\t\t\t}\n\t\t\t#gallery-16 img {\n\t\t\t\tborder: 2px solid #cfcfcf;\n\t\t\t}\n\t\t\t#gallery-16 .gallery-caption {\n\t\t\t\tmargin-left: 0;\n\t\t\t}\n\t\t\t\/* see gallery_shortcode() in wp-includes\/media.php *\/\n\t\t<\/style>\n\t\t<div id='gallery-16' class='gallery galleryid-950 gallery-columns-1 gallery-size-full'><dl class='gallery-item'>\n\t\t\t<dt class='gallery-icon portrait'>\n\t\t\t\t<img decoding=\"async\" width=\"1200\" height=\"1600\" src=\"https:\/\/salonmanifest.ro\/wp-content\/uploads\/2021\/03\/SteamPod.jpeg\" class=\"attachment-full size-full\" alt=\"\" srcset=\"https:\/\/salonmanifest.ro\/wp-content\/uploads\/2021\/03\/SteamPod.jpeg 1200w, https:\/\/salonmanifest.ro\/wp-content\/uploads\/2021\/03\/SteamPod-980x1307.jpeg 980w, https:\/\/salonmanifest.ro\/wp-content\/uploads\/2021\/03\/SteamPod-480x640.jpeg 480w\" sizes=\"(min-width: 0px) and (max-width: 480px) 480px, (min-width: 481px) and (max-width: 980px) 980px, (min-width: 981px) 1200px, 100vw\" \/>\n\t\t\t<\/dt><\/dl><br style=\"clear: both\" \/>\n\t\t<\/div>\n\n<ul>\n<li style=\"font-weight: 400;\" aria-level=\"1\"><span style=\"font-weight: 400;\"><span style=\"font-weight: 400;\"><span style=\"font-weight: 400;\">p\u0103r lung degrade, cu ajutorul blondului care vine f\u0103r\u0103 compromisuri: MT 8 Blonde Bonder;<\/span><\/span><\/span><\/li>\n<\/ul>\n\n\t\t<style type=\"text\/css\">\n\t\t\t#gallery-17 {\n\t\t\t\tmargin: auto;\n\t\t\t}\n\t\t\t#gallery-17 .gallery-item {\n\t\t\t\tfloat: left;\n\t\t\t\tmargin-top: 10px;\n\t\t\t\ttext-align: center;\n\t\t\t\twidth: 100%;\n\t\t\t}\n\t\t\t#gallery-17 img {\n\t\t\t\tborder: 2px solid #cfcfcf;\n\t\t\t}\n\t\t\t#gallery-17 .gallery-caption {\n\t\t\t\tmargin-left: 0;\n\t\t\t}\n\t\t\t\/* see gallery_shortcode() in wp-includes\/media.php *\/\n\t\t<\/style>\n\t\t<div id='gallery-17' class='gallery galleryid-950 gallery-columns-1 gallery-size-full'><dl class='gallery-item'>\n\t\t\t<dt class='gallery-icon portrait'>\n\t\t\t\t<img decoding=\"async\" width=\"1200\" height=\"1600\" src=\"https:\/\/salonmanifest.ro\/wp-content\/uploads\/2021\/03\/Balayage_MT8_2.jpeg\" class=\"attachment-full size-full\" alt=\"\" srcset=\"https:\/\/salonmanifest.ro\/wp-content\/uploads\/2021\/03\/Balayage_MT8_2.jpeg 1200w, https:\/\/salonmanifest.ro\/wp-content\/uploads\/2021\/03\/Balayage_MT8_2-980x1307.jpeg 980w, https:\/\/salonmanifest.ro\/wp-content\/uploads\/2021\/03\/Balayage_MT8_2-480x640.jpeg 480w\" sizes=\"(min-width: 0px) and (max-width: 480px) 480px, (min-width: 481px) and (max-width: 980px) 980px, (min-width: 981px) 1200px, 100vw\" \/>\n\t\t\t<\/dt><\/dl><br style=\"clear: both\" \/>\n\t\t<\/div>\n\n<ul>\n<li style=\"font-weight: 400;\" aria-level=\"1\"><i><span style=\"font-weight: 400;\">casual long hair<\/span><\/i><span style=\"font-weight: 400;\">: dac\u0103 optezi pentru culoarea potrivit\u0103 \u0219i produse de \u00eengrijire profesionale, p\u0103rul t\u0103u nu necesit\u0103 coafare. <\/span><\/li>\n<li style=\"font-weight: 400;\" aria-level=\"1\"><i><i><span style=\"font-weight: 400;\">P\u0103rul t\u0103u formeaz\u0103 de unul singur o coafur\u0103, \u00eenc\u0103 de diminea\u021ba devreme.<\/span><\/i><\/i><\/li>\n<\/ul>\n","protected":false},"excerpt":{"rendered":"<p>Este bine cunoscut faptul c\u0103 p\u0103rul lung este iconic \u2013 un simbol al feminit\u0103\u021bii, seduc\u021biei \u0219i frumuse\u021bii. Chiar dac\u0103 necesit\u0103 o \u00eengrijire mai minu\u021bioas\u0103, este evident c\u0103 atunci c\u00e2nd vine vorba de coafare este cel mai avantajos \u0219i ofer\u0103 cele mai multe posibilit\u0103\u021bi. Alegerea coafurii depinde doar de tine \u0219i de preferin\u021bele tale sau de [&hellip;]<\/p>\n","protected":false},"author":2,"featured_media":2345,"comment_status":"closed","ping_status":"closed","sticky":false,"template":"","format":"standard","meta":{"_et_pb_use_builder":"","_et_pb_old_content":"","_et_gb_content_width":"","footnotes":""},"categories":[14,5],"tags":[],"class_list":["post-950","post","type-post","status-publish","format-standard","has-post-thumbnail","hentry","category-coafuri-par-lung","category-inspiratie"],"_links":{"self":[{"href":"https:\/\/salonmanifest.ro\/index.php?rest_route=\/wp\/v2\/posts\/950","targetHints":{"allow":["GET"]}}],"collection":[{"href":"https:\/\/salonmanifest.ro\/index.php?rest_route=\/wp\/v2\/posts"}],"about":[{"href":"https:\/\/salonmanifest.ro\/index.php?rest_route=\/wp\/v2\/types\/post"}],"author":[{"embeddable":true,"href":"https:\/\/salonmanifest.ro\/index.php?rest_route=\/wp\/v2\/users\/2"}],"replies":[{"embeddable":true,"href":"https:\/\/salonmanifest.ro\/index.php?rest_route=%2Fwp%2Fv2%2Fcomments&post=950"}],"version-history":[{"count":0,"href":"https:\/\/salonmanifest.ro\/index.php?rest_route=\/wp\/v2\/posts\/950\/revisions"}],"wp:featuredmedia":[{"embeddable":true,"href":"https:\/\/salonmanifest.ro\/index.php?rest_route=\/wp\/v2\/media\/2345"}],"wp:attachment":[{"href":"https:\/\/salonmanifest.ro\/index.php?rest_route=%2Fwp%2Fv2%2Fmedia&parent=950"}],"wp:term":[{"taxonomy":"category","embeddable":true,"href":"https:\/\/salonmanifest.ro\/index.php?rest_route=%2Fwp%2Fv2%2Fcategories&post=950"},{"taxonomy":"post_tag","embeddable":true,"href":"https:\/\/salonmanifest.ro\/index.php?rest_route=%2Fwp%2Fv2%2Ftags&post=950"}],"curies":[{"name":"wp","href":"https:\/\/api.w.org\/{rel}","templated":true}]}}