{"id":2004,"date":"2021-04-17T05:58:17","date_gmt":"2021-04-17T05:58:17","guid":{"rendered":"http:\/\/www.salonmanifest.ro\/?p=2004"},"modified":"2024-05-28T10:20:07","modified_gmt":"2024-05-28T10:20:07","slug":"coafuri-par-mediu","status":"publish","type":"post","link":"https:\/\/salonmanifest.ro\/?p=2004","title":{"rendered":"Coafuri pentru parul mediu: Idei si Imagini inspirationale"},"content":{"rendered":"<p><span style=\"font-weight: 400;\">P\u0103rul mediu ofer\u0103 un aer de naturale\u021be oric\u0103rei femei, iar acesta poate fi \u00eentre\u021binut \u0219i stilizat cu u\u0219urin\u021b\u0103. Coafurile destinate p\u0103rului mediu se caracterizeaz\u0103 prin posibilitatea de a te reinventa, de a \u00eencerca diferite metode \u0219i styling-uri noi. Versatilitatea acestei lungimi a p\u0103rului, va fi ideal\u0103 pentru coafuri diferite de la o zi la alta, fie c\u0103 \u00eel por\u021bi desf\u0103cut, prins sau \u00eempletit.\u00a0<\/span><\/p>\n<h2><span style=\"font-weight: 400;\">Idei de coafuri pentru parul mediu in functie de forma fetei<\/span><\/h2>\n<p><span style=\"font-weight: 400;\">Este bine-cunoscut faptul c\u0103 \u00een func\u021bie de forma fe\u021bei tale, \u00ee\u021bi vor fi recomandate coafuri specifice, care s\u0103-\u021bi scoat\u0103 \u00een eviden\u021b\u0103 tr\u0103s\u0103turile \u0219i s\u0103-\u021bi complimenteze look-ul. P\u0103rul mediu garanteaz\u0103 o gam\u0103 larg\u0103 de posibilit\u0103\u021bi de coafare, indiferent de tipul acestuia, drept, ondulat sau cre\u021b. Alege coafurile care te reprezint\u0103 \u0219i care \u00ee\u021bi confer\u0103 \u00eencredere, ca s\u0103 po\u021bi fi cea mai bun\u0103 versiune a ta. C\u00e2nd vine vorba de frumuse\u021be, nu e loc de compromisuri &#8211; totul, sau nimic \u00een schimb.<\/span><span style=\"font-weight: 400;\">\u00a0<\/span><\/p>\n\n\t\t<style type=\"text\/css\">\n\t\t\t#gallery-1 {\n\t\t\t\tmargin: auto;\n\t\t\t}\n\t\t\t#gallery-1 .gallery-item {\n\t\t\t\tfloat: left;\n\t\t\t\tmargin-top: 10px;\n\t\t\t\ttext-align: center;\n\t\t\t\twidth: 100%;\n\t\t\t}\n\t\t\t#gallery-1 img {\n\t\t\t\tborder: 2px solid #cfcfcf;\n\t\t\t}\n\t\t\t#gallery-1 .gallery-caption {\n\t\t\t\tmargin-left: 0;\n\t\t\t}\n\t\t\t\/* see gallery_shortcode() in wp-includes\/media.php *\/\n\t\t<\/style>\n\t\t<div id='gallery-1' class='gallery galleryid-2004 gallery-columns-1 gallery-size-full'><dl class='gallery-item'>\n\t\t\t<dt class='gallery-icon landscape'>\n\t\t\t\t<img decoding=\"async\" width=\"2048\" height=\"1367\" src=\"https:\/\/salonmanifest.ro\/wp-content\/uploads\/2021\/04\/15-2048x1367-1.jpg\" class=\"attachment-full size-full\" alt=\"\" srcset=\"https:\/\/salonmanifest.ro\/wp-content\/uploads\/2021\/04\/15-2048x1367-1.jpg 2048w, https:\/\/salonmanifest.ro\/wp-content\/uploads\/2021\/04\/15-2048x1367-1-1280x854.jpg 1280w, https:\/\/salonmanifest.ro\/wp-content\/uploads\/2021\/04\/15-2048x1367-1-980x654.jpg 980w, https:\/\/salonmanifest.ro\/wp-content\/uploads\/2021\/04\/15-2048x1367-1-480x320.jpg 480w\" sizes=\"(min-width: 0px) and (max-width: 480px) 480px, (min-width: 481px) and (max-width: 980px) 980px, (min-width: 981px) and (max-width: 1280px) 1280px, (min-width: 1281px) 2048px, 100vw\" \/>\n\t\t\t<\/dt><\/dl><br style=\"clear: both\" \/>\n\t\t<\/div>\n\n<h3><span style=\"font-weight: 400;\">Coafuri pentru parul mediu pentru fata ovala<\/span><\/h3>\n<p><span style=\"font-weight: 400;\">Dac\u0103 ai acest tip de fa\u021b\u0103, po\u021bi opta pentru orice stil de coafur\u0103 \u0219i orice tip de tunsoare. Pentru p\u0103rul mediu, care este u\u0219or de coafat, este recomandat s\u0103 se creeze volum \u00een p\u0103r\u021bile laterale, cu scopul de a echilibra chipul. De asemenea, o op\u021biune bun\u0103 pentru fa\u021ba ov\u0103l\u0103 este bretonul \u00eentr-o parte sau c\u0103rarea pe mijloc. Tr\u0103s\u0103turile perfecte vor fi completate fie de bucle romanctice, \u00eempletituri complexe sau cocuri updo. Evita\u021bi taparea p\u0103rului \u0219i buclele scurte.<\/span><\/p>\n\n\t\t<style type=\"text\/css\">\n\t\t\t#gallery-2 {\n\t\t\t\tmargin: auto;\n\t\t\t}\n\t\t\t#gallery-2 .gallery-item {\n\t\t\t\tfloat: left;\n\t\t\t\tmargin-top: 10px;\n\t\t\t\ttext-align: center;\n\t\t\t\twidth: 100%;\n\t\t\t}\n\t\t\t#gallery-2 img {\n\t\t\t\tborder: 2px solid #cfcfcf;\n\t\t\t}\n\t\t\t#gallery-2 .gallery-caption {\n\t\t\t\tmargin-left: 0;\n\t\t\t}\n\t\t\t\/* see gallery_shortcode() in wp-includes\/media.php *\/\n\t\t<\/style>\n\t\t<div id='gallery-2' class='gallery galleryid-2004 gallery-columns-1 gallery-size-full'><dl class='gallery-item'>\n\t\t\t<dt class='gallery-icon portrait'>\n\t\t\t\t<img decoding=\"async\" width=\"1080\" height=\"1350\" src=\"https:\/\/salonmanifest.ro\/wp-content\/uploads\/2021\/04\/anamaria.palarie_1618646464731210.jpg\" class=\"attachment-full size-full\" alt=\"\" srcset=\"https:\/\/salonmanifest.ro\/wp-content\/uploads\/2021\/04\/anamaria.palarie_1618646464731210.jpg 1080w, https:\/\/salonmanifest.ro\/wp-content\/uploads\/2021\/04\/anamaria.palarie_1618646464731210-980x1225.jpg 980w, https:\/\/salonmanifest.ro\/wp-content\/uploads\/2021\/04\/anamaria.palarie_1618646464731210-480x600.jpg 480w\" sizes=\"(min-width: 0px) and (max-width: 480px) 480px, (min-width: 481px) and (max-width: 980px) 980px, (min-width: 981px) 1080px, 100vw\" \/>\n\t\t\t<\/dt><\/dl><br style=\"clear: both\" \/>\n\t\t<\/div>\n\n<h3><span style=\"font-weight: 400;\">Coafuri pentru parul mediu pentru fata rotunda<\/span><\/h3>\n<p><span style=\"font-weight: 400;\">\u00cen cazul unei forme de fa\u021b\u0103 rotund\u0103, p\u0103rul drept asociat cu un breton pe o parte sau o tunsoarea \u00een sc\u0103ri va alungi \u00een mod pl\u0103cut fa\u021ba. Cu p\u0103rul de o lungime medie, po\u021bi purta at\u00e2t coafuri simple, precum o coad\u0103 de cal cu tapetare \u00een cre\u0219tet, c\u00e2t \u0219i \u00eempletituri care s\u0103-\u021bi descopere fa\u021ba. O alt\u0103 variant\u0103 ar fi un breton \u00een franjuri, piept\u0103nat \u00eentr-o parte, al\u0103turi de bucle lejere. Evita\u021bi buclele voluminoase, pentru a nu m\u0103ri dimensiunea fe\u021bei.<\/span><\/p>\n\n\t\t<style type=\"text\/css\">\n\t\t\t#gallery-3 {\n\t\t\t\tmargin: auto;\n\t\t\t}\n\t\t\t#gallery-3 .gallery-item {\n\t\t\t\tfloat: left;\n\t\t\t\tmargin-top: 10px;\n\t\t\t\ttext-align: center;\n\t\t\t\twidth: 100%;\n\t\t\t}\n\t\t\t#gallery-3 img {\n\t\t\t\tborder: 2px solid #cfcfcf;\n\t\t\t}\n\t\t\t#gallery-3 .gallery-caption {\n\t\t\t\tmargin-left: 0;\n\t\t\t}\n\t\t\t\/* see gallery_shortcode() in wp-includes\/media.php *\/\n\t\t<\/style>\n\t\t<div id='gallery-3' class='gallery galleryid-2004 gallery-columns-1 gallery-size-full'><dl class='gallery-item'>\n\t\t\t<dt class='gallery-icon portrait'>\n\t\t\t\t<img decoding=\"async\" width=\"1080\" height=\"1346\" src=\"https:\/\/salonmanifest.ro\/wp-content\/uploads\/2021\/04\/alin.lev_1618646590904191.jpg\" class=\"attachment-full size-full\" alt=\"\" srcset=\"https:\/\/salonmanifest.ro\/wp-content\/uploads\/2021\/04\/alin.lev_1618646590904191.jpg 1080w, https:\/\/salonmanifest.ro\/wp-content\/uploads\/2021\/04\/alin.lev_1618646590904191-980x1221.jpg 980w, https:\/\/salonmanifest.ro\/wp-content\/uploads\/2021\/04\/alin.lev_1618646590904191-480x598.jpg 480w\" sizes=\"(min-width: 0px) and (max-width: 480px) 480px, (min-width: 481px) and (max-width: 980px) 980px, (min-width: 981px) 1080px, 100vw\" \/>\n\t\t\t<\/dt><\/dl><br style=\"clear: both\" \/>\n\t\t<\/div>\n\n<h3><span style=\"font-weight: 400;\">Coafuri pentru parul mediu pentru fata patrata<\/span><\/h3>\n<p><span style=\"font-weight: 400;\">P\u0103rul mediu este cel mai potrivit pentru fa\u021ba p\u0103trat\u0103. C\u00e2nd pl\u0103nuie\u0219i un tip de coafur\u0103 este important s\u0103 ai volum at\u00e2t \u00een cre\u0219tet, c\u00e2t \u0219i \u00een laterale, pentru a oferi o iluzie de \u00eengustare a chipului. Astfel, p\u0103rul mediu poate fi tapat, \u00eempletit \u00een cascad\u0103, ondulat cu bucle lejere sau chiar voluminoase. Evita\u021bi ca p\u0103rul s\u0103 r\u0103m\u00e2n\u0103 lipit de scalp, precum \u00een cazul unor coafuri care implic\u0103 cocuri str\u00e2nse sau cozi de cal.<\/span><\/p>\n\n\t\t<style type=\"text\/css\">\n\t\t\t#gallery-4 {\n\t\t\t\tmargin: auto;\n\t\t\t}\n\t\t\t#gallery-4 .gallery-item {\n\t\t\t\tfloat: left;\n\t\t\t\tmargin-top: 10px;\n\t\t\t\ttext-align: center;\n\t\t\t\twidth: 100%;\n\t\t\t}\n\t\t\t#gallery-4 img {\n\t\t\t\tborder: 2px solid #cfcfcf;\n\t\t\t}\n\t\t\t#gallery-4 .gallery-caption {\n\t\t\t\tmargin-left: 0;\n\t\t\t}\n\t\t\t\/* see gallery_shortcode() in wp-includes\/media.php *\/\n\t\t<\/style>\n\t\t<div id='gallery-4' class='gallery galleryid-2004 gallery-columns-1 gallery-size-full'><dl class='gallery-item'>\n\t\t\t<dt class='gallery-icon portrait'>\n\t\t\t\t<img decoding=\"async\" width=\"1080\" height=\"1350\" src=\"https:\/\/salonmanifest.ro\/wp-content\/uploads\/2021\/04\/beeatricemiu_1618582987428175.jpg\" class=\"attachment-full size-full\" alt=\"\" srcset=\"https:\/\/salonmanifest.ro\/wp-content\/uploads\/2021\/04\/beeatricemiu_1618582987428175.jpg 1080w, https:\/\/salonmanifest.ro\/wp-content\/uploads\/2021\/04\/beeatricemiu_1618582987428175-980x1225.jpg 980w, https:\/\/salonmanifest.ro\/wp-content\/uploads\/2021\/04\/beeatricemiu_1618582987428175-480x600.jpg 480w\" sizes=\"(min-width: 0px) and (max-width: 480px) 480px, (min-width: 481px) and (max-width: 980px) 980px, (min-width: 981px) 1080px, 100vw\" \/>\n\t\t\t<\/dt><\/dl><br style=\"clear: both\" \/>\n\t\t<\/div>\n\n<p><span style=\"font-weight: 400;\">\u00a0<\/span><\/p>\n<h2><span style=\"font-weight: 400;\">Modele de coafuri pentru parul mediu tinand cont de culoare<\/span><\/h2>\n<p><span style=\"font-weight: 400;\">Un alt aspect care te poate ajuta \u00een luarea unei decizii asupra modelului de coafur\u0103 pe care o dore\u0219ti pentru p\u0103rul mediu este culoarea acestuia. \u00cen func\u021bie de tonurile \u0219i nuna\u021bele din p\u0103r, anumite tehnici \u0219i metode de stilizare a p\u0103rului vor varia de la o persoan\u0103 la alta. Este important s\u0103 v\u0103 p\u0103stra\u021bi p\u0103r \u00eentr-o condi\u021bie s\u0103n\u0103toas\u0103, prin \u00eengrijirea acestuia cu produse specifice, pentru a men\u021bine culorile vibrante \u0219i textura str\u0103lucitoare.<\/span><\/p>\n<h3><span style=\"font-weight: 400;\">Coafuri pentru parul mediu blond<\/span><\/h3>\n<p><span style=\"font-weight: 400;\">Blondul este o culoare radiant\u0103, care con\u021bine o palet\u0103 larg\u0103 de nuan\u021be, ce pot fi puse \u00een eviden\u021b\u0103 prin tipurile de coafuri pentru p\u0103rul mediu. De exemplu, \u00eempletiturile \u00een spic, \u00een stil olandez sau \u00eempletitura coroni\u021b\u0103, vor scoate \u00een prim-plan suvi\u021bele de diferite nuan\u021be, specifice p\u0103rului blond, dar \u0219i o tunsoare stratificat\u0103 va oferi diversitate \u00een modul de a\u0219ezare a \u0219uvi\u021belor de p\u0103r.<\/span><span style=\"font-weight: 400;\">Deoarece posibilit\u0103\u021bile sunt multiple, trebuie s\u0103 alegi ceea ce te avantajeaz\u0103 \u0219i ce stil dore\u0219ti s\u0103 adop\u021bi.<\/span><\/p>\n\n\t\t<style type=\"text\/css\">\n\t\t\t#gallery-5 {\n\t\t\t\tmargin: auto;\n\t\t\t}\n\t\t\t#gallery-5 .gallery-item {\n\t\t\t\tfloat: left;\n\t\t\t\tmargin-top: 10px;\n\t\t\t\ttext-align: center;\n\t\t\t\twidth: 100%;\n\t\t\t}\n\t\t\t#gallery-5 img {\n\t\t\t\tborder: 2px solid #cfcfcf;\n\t\t\t}\n\t\t\t#gallery-5 .gallery-caption {\n\t\t\t\tmargin-left: 0;\n\t\t\t}\n\t\t\t\/* see gallery_shortcode() in wp-includes\/media.php *\/\n\t\t<\/style>\n\t\t<div id='gallery-5' class='gallery galleryid-2004 gallery-columns-1 gallery-size-full'><dl class='gallery-item'>\n\t\t\t<dt class='gallery-icon landscape'>\n\t\t\t\t<img decoding=\"async\" width=\"1536\" height=\"1025\" src=\"https:\/\/salonmanifest.ro\/wp-content\/uploads\/2021\/04\/5-1536x1025-1.jpg\" class=\"attachment-full size-full\" alt=\"\" srcset=\"https:\/\/salonmanifest.ro\/wp-content\/uploads\/2021\/04\/5-1536x1025-1.jpg 1536w, https:\/\/salonmanifest.ro\/wp-content\/uploads\/2021\/04\/5-1536x1025-1-1280x854.jpg 1280w, https:\/\/salonmanifest.ro\/wp-content\/uploads\/2021\/04\/5-1536x1025-1-980x654.jpg 980w, https:\/\/salonmanifest.ro\/wp-content\/uploads\/2021\/04\/5-1536x1025-1-480x320.jpg 480w\" sizes=\"(min-width: 0px) and (max-width: 480px) 480px, (min-width: 481px) and (max-width: 980px) 980px, (min-width: 981px) and (max-width: 1280px) 1280px, (min-width: 1281px) 1536px, 100vw\" \/>\n\t\t\t<\/dt><\/dl><br style=\"clear: both\" \/>\n\t\t<\/div>\n\n<h3><span style=\"font-weight: 400;\">Coafuri pentru parul mediu brunet\/saten<\/span><\/h3>\n<p><span style=\"font-weight: 400;\">P\u0103rul brunet de lungime medie este reprezentarea stilului sofisticat \u0219i elegant, fiind favorizat de modele \u0219i editorii de mod\u0103 din \u00eentreaga lume. Pentru a men\u021bine aerul rafinat, se recomand\u0103 coafuri clasice, precum cocuri lejere, bucle largi \u0219i un breton pe lateral, accesorizat cu accente metalice sau perle. O alt\u0103 varianta care nu se va demoda este prinderea p\u0103rului mediu brunet \u00eentr-o coad\u0103 de cal ridicat\u0103, ce poate fi \u00eenso\u021bit\u0103 de \u00eempletituri \u00een diferite forme, at\u00e2t \u00een apropierea scalpului, c\u00e2t \u0219i \u00een lungimea p\u0103rului.\u00a0<\/span><span style=\"font-weight: 400;\">\u00a0<\/span><\/p>\n\n\t\t<style type=\"text\/css\">\n\t\t\t#gallery-6 {\n\t\t\t\tmargin: auto;\n\t\t\t}\n\t\t\t#gallery-6 .gallery-item {\n\t\t\t\tfloat: left;\n\t\t\t\tmargin-top: 10px;\n\t\t\t\ttext-align: center;\n\t\t\t\twidth: 100%;\n\t\t\t}\n\t\t\t#gallery-6 img {\n\t\t\t\tborder: 2px solid #cfcfcf;\n\t\t\t}\n\t\t\t#gallery-6 .gallery-caption {\n\t\t\t\tmargin-left: 0;\n\t\t\t}\n\t\t\t\/* see gallery_shortcode() in wp-includes\/media.php *\/\n\t\t<\/style>\n\t\t<div id='gallery-6' class='gallery galleryid-2004 gallery-columns-1 gallery-size-full'><dl class='gallery-item'>\n\t\t\t<dt class='gallery-icon landscape'>\n\t\t\t\t<img decoding=\"async\" width=\"2048\" height=\"1367\" src=\"https:\/\/salonmanifest.ro\/wp-content\/uploads\/2021\/04\/12-2048x1367-1.jpg\" class=\"attachment-full size-full\" alt=\"\" srcset=\"https:\/\/salonmanifest.ro\/wp-content\/uploads\/2021\/04\/12-2048x1367-1.jpg 2048w, https:\/\/salonmanifest.ro\/wp-content\/uploads\/2021\/04\/12-2048x1367-1-1280x854.jpg 1280w, https:\/\/salonmanifest.ro\/wp-content\/uploads\/2021\/04\/12-2048x1367-1-980x654.jpg 980w, https:\/\/salonmanifest.ro\/wp-content\/uploads\/2021\/04\/12-2048x1367-1-480x320.jpg 480w\" sizes=\"(min-width: 0px) and (max-width: 480px) 480px, (min-width: 481px) and (max-width: 980px) 980px, (min-width: 981px) and (max-width: 1280px) 1280px, (min-width: 1281px) 2048px, 100vw\" \/>\n\t\t\t<\/dt><\/dl><br style=\"clear: both\" \/>\n\t\t<\/div>\n\n<h3><span style=\"font-weight: 400;\">Coafuri pentru parul mediu roscat<\/span><\/h3>\n<p><span style=\"font-weight: 400;\">P\u0103rul mediu ro\u0219cat va fi caracterizat de culoarea vibrant\u0103 \u0219i \u00eendr\u0103nea\u021b\u0103, ce trebuie complementat\u0103 de diferitele tipuri de coafuri, precum cocul dezordonat cu suvi\u021be libere \u00een fa\u021b\u0103, bretonul asimetric al\u0103turi de bucle \u00een stil waves sau \u00eempletitura siren\u0103, lasat\u0103 pe o parte. Acestea vor accenta culoarea special\u0103 a p\u0103rului, reu\u0219ind s\u0103 capteze aten\u021bia oric\u0103rei persoane. \u00cen cazul p\u0103rului ro\u0219cat vopsit, folose\u0219te cu regularitate nuan\u021batorul de culoare, pentru a ca aceasta s\u0103 nu se piard\u0103.<\/span><\/p>\n\n\t\t<style type=\"text\/css\">\n\t\t\t#gallery-7 {\n\t\t\t\tmargin: auto;\n\t\t\t}\n\t\t\t#gallery-7 .gallery-item {\n\t\t\t\tfloat: left;\n\t\t\t\tmargin-top: 10px;\n\t\t\t\ttext-align: center;\n\t\t\t\twidth: 100%;\n\t\t\t}\n\t\t\t#gallery-7 img {\n\t\t\t\tborder: 2px solid #cfcfcf;\n\t\t\t}\n\t\t\t#gallery-7 .gallery-caption {\n\t\t\t\tmargin-left: 0;\n\t\t\t}\n\t\t\t\/* see gallery_shortcode() in wp-includes\/media.php *\/\n\t\t<\/style>\n\t\t<div id='gallery-7' class='gallery galleryid-2004 gallery-columns-1 gallery-size-full'><dl class='gallery-item'>\n\t\t\t<dt class='gallery-icon landscape'>\n\t\t\t\t<img decoding=\"async\" width=\"1925\" height=\"1285\" src=\"https:\/\/salonmanifest.ro\/wp-content\/uploads\/2021\/04\/18-1-1.jpg\" class=\"attachment-full size-full\" alt=\"\" srcset=\"https:\/\/salonmanifest.ro\/wp-content\/uploads\/2021\/04\/18-1-1.jpg 1925w, https:\/\/salonmanifest.ro\/wp-content\/uploads\/2021\/04\/18-1-1-1280x854.jpg 1280w, https:\/\/salonmanifest.ro\/wp-content\/uploads\/2021\/04\/18-1-1-980x654.jpg 980w, https:\/\/salonmanifest.ro\/wp-content\/uploads\/2021\/04\/18-1-1-480x320.jpg 480w\" sizes=\"(min-width: 0px) and (max-width: 480px) 480px, (min-width: 481px) and (max-width: 980px) 980px, (min-width: 981px) and (max-width: 1280px) 1280px, (min-width: 1281px) 1925px, 100vw\" \/>\n\t\t\t<\/dt><\/dl><br style=\"clear: both\" \/>\n\t\t<\/div>\n\n<h2><\/h2>\n<h2><span style=\"font-weight: 400;\">Coafuri pentru par mediu in functie de tipul acestuia?<\/span><\/h2>\n<p><span style=\"font-weight: 400;\">Structura firului de p\u0103r tuns mediu influen\u021beaz\u0103 coafurile ce pot fi realizate conform dorin\u021belor clientelor. P\u0103rul ondulat este mai potrivit pentru un stil boemic, scos din pove\u0219ti, p\u0103rul drept nu are o limit\u0103 c\u00e2nd este vorba despre \u00eempletituri, iar p\u0103rul cre\u021b este o adev\u0103rat\u0103 comoar\u0103, care trebuie pre\u021buit\u0103 \u0219i \u00eengrijit\u0103 propice, folosind produse special destinate acestui tip de p\u0103r. \u00cen func\u021bie de tipul p\u0103rului, sunt recomandate urm\u0103toarele coafuri pentru p\u0103r mediu:<\/span><\/p>\n<h3><span style=\"font-weight: 400;\">Coafuri pentru parul mediu ondulat<\/span><\/h3>\n<p><span style=\"font-weight: 400;\">O variant\u0103 de coafare a p\u0103rului mediu ondulat, pe care nu ar trebui s\u0103 o ezita\u021bi, ar fi prinderea unui coc lejer \u0219i l\u0103sarea a dou\u0103 suvi\u021be libere \u00een lateralul chipului. Astfel, vor fi eviden\u021biate tr\u0103s\u0103turile fe\u021bei \u0219i se va observa \u00een prim-plan ondularea p\u0103rului. O alt\u0103 variant\u0103 ar fi l\u0103sarea p\u0103rului liber pe spate, dar accesorizat pe laterale cu agrafe, de diferite forme \u0219i dimensiuni. Tipul de c\u0103rare care avantajeaz\u0103 p\u0103rul mediu ondulat este cea de mijloc, deoarece pune \u00een echilibru balansul de bucle formate.<\/span><\/p>\n\n\t\t<style type=\"text\/css\">\n\t\t\t#gallery-8 {\n\t\t\t\tmargin: auto;\n\t\t\t}\n\t\t\t#gallery-8 .gallery-item {\n\t\t\t\tfloat: left;\n\t\t\t\tmargin-top: 10px;\n\t\t\t\ttext-align: center;\n\t\t\t\twidth: 100%;\n\t\t\t}\n\t\t\t#gallery-8 img {\n\t\t\t\tborder: 2px solid #cfcfcf;\n\t\t\t}\n\t\t\t#gallery-8 .gallery-caption {\n\t\t\t\tmargin-left: 0;\n\t\t\t}\n\t\t\t\/* see gallery_shortcode() in wp-includes\/media.php *\/\n\t\t<\/style>\n\t\t<div id='gallery-8' class='gallery galleryid-2004 gallery-columns-1 gallery-size-full'><dl class='gallery-item'>\n\t\t\t<dt class='gallery-icon portrait'>\n\t\t\t\t<img decoding=\"async\" width=\"1080\" height=\"1350\" src=\"https:\/\/salonmanifest.ro\/wp-content\/uploads\/2021\/04\/alin.lev_1618583180272771-1.jpg\" class=\"attachment-full size-full\" alt=\"\" srcset=\"https:\/\/salonmanifest.ro\/wp-content\/uploads\/2021\/04\/alin.lev_1618583180272771-1.jpg 1080w, https:\/\/salonmanifest.ro\/wp-content\/uploads\/2021\/04\/alin.lev_1618583180272771-1-980x1225.jpg 980w, https:\/\/salonmanifest.ro\/wp-content\/uploads\/2021\/04\/alin.lev_1618583180272771-1-480x600.jpg 480w\" sizes=\"(min-width: 0px) and (max-width: 480px) 480px, (min-width: 481px) and (max-width: 980px) 980px, (min-width: 981px) 1080px, 100vw\" \/>\n\t\t\t<\/dt><\/dl><br style=\"clear: both\" \/>\n\t\t<\/div>\n\n<h3><span style=\"font-weight: 400;\">Idei de coafuri pentru parul mediu cret<\/span><\/h3>\n<p><span style=\"font-weight: 400;\">Unul din factorii ce determin\u0103 rezultatul final al coafurii pentru p\u0103rul mediu ondulat, este condi\u021bia acestuia, care este \u00eentre\u021binut\u0103 de produse de \u00eengrijire potrivite acestui tip de p\u0103r, care s\u0103 \u00eel men\u021bin\u0103 s\u0103n\u0103tos, str\u0103lucitor \u0219i structurat. Coafurile ce flateaz\u0103 acest tip de p\u0103r, mediu \u0219i cre\u021b, sunt \u00eempletitura siren\u0103 sau cea tip cascad\u0103, care vor crea un efect de continuitate \u0219i dinamism. Este important ca p\u0103rul s\u0103 fie sus\u021binut de agrafe, care se pot transforma \u0219i \u00een accesorii.<\/span><\/p>\n\n\t\t<style type=\"text\/css\">\n\t\t\t#gallery-9 {\n\t\t\t\tmargin: auto;\n\t\t\t}\n\t\t\t#gallery-9 .gallery-item {\n\t\t\t\tfloat: left;\n\t\t\t\tmargin-top: 10px;\n\t\t\t\ttext-align: center;\n\t\t\t\twidth: 100%;\n\t\t\t}\n\t\t\t#gallery-9 img {\n\t\t\t\tborder: 2px solid #cfcfcf;\n\t\t\t}\n\t\t\t#gallery-9 .gallery-caption {\n\t\t\t\tmargin-left: 0;\n\t\t\t}\n\t\t\t\/* see gallery_shortcode() in wp-includes\/media.php *\/\n\t\t<\/style>\n\t\t<div id='gallery-9' class='gallery galleryid-2004 gallery-columns-1 gallery-size-full'><dl class='gallery-item'>\n\t\t\t<dt class='gallery-icon portrait'>\n\t\t\t\t<img decoding=\"async\" width=\"1080\" height=\"1346\" src=\"https:\/\/salonmanifest.ro\/wp-content\/uploads\/2021\/04\/beeatricemiu_1618583095887648.jpg\" class=\"attachment-full size-full\" alt=\"\" srcset=\"https:\/\/salonmanifest.ro\/wp-content\/uploads\/2021\/04\/beeatricemiu_1618583095887648.jpg 1080w, https:\/\/salonmanifest.ro\/wp-content\/uploads\/2021\/04\/beeatricemiu_1618583095887648-980x1221.jpg 980w, https:\/\/salonmanifest.ro\/wp-content\/uploads\/2021\/04\/beeatricemiu_1618583095887648-480x598.jpg 480w\" sizes=\"(min-width: 0px) and (max-width: 480px) 480px, (min-width: 481px) and (max-width: 980px) 980px, (min-width: 981px) 1080px, 100vw\" \/>\n\t\t\t<\/dt><\/dl><br style=\"clear: both\" \/>\n\t\t<\/div>\n\n<h3><span style=\"font-weight: 400;\">Coafuri pentru parul mediu drept<\/span><\/h3>\n<p><span style=\"font-weight: 400;\">P\u0103rul mediu drept poate fi coafat cu u\u0219urin\u021b\u0103 \u00een multe tipuri de stiluri \u0219i metode. Printre cele mai preferate, se num\u0103r\u0103 coada de cal, purtat\u0103 cu tapare \u00een cre\u0219tet pentru un plus de elegan\u021b\u0103, \u00eempletitura spic, ce are impact prin simplitatea ei, dar \u0219i purtat\u0103 al\u0103turi de o benti\u021b\u0103 sau de o coroni\u021b\u0103. Aceste accesorii aduc un aer sofisticat coafurii \u0219i se vor portrivi at\u00e2t pentru coafuri elegante, c\u00e2t \u0219i clasice.<\/span><\/p>\n\n\t\t<style type=\"text\/css\">\n\t\t\t#gallery-10 {\n\t\t\t\tmargin: auto;\n\t\t\t}\n\t\t\t#gallery-10 .gallery-item {\n\t\t\t\tfloat: left;\n\t\t\t\tmargin-top: 10px;\n\t\t\t\ttext-align: center;\n\t\t\t\twidth: 100%;\n\t\t\t}\n\t\t\t#gallery-10 img {\n\t\t\t\tborder: 2px solid #cfcfcf;\n\t\t\t}\n\t\t\t#gallery-10 .gallery-caption {\n\t\t\t\tmargin-left: 0;\n\t\t\t}\n\t\t\t\/* see gallery_shortcode() in wp-includes\/media.php *\/\n\t\t<\/style>\n\t\t<div id='gallery-10' class='gallery galleryid-2004 gallery-columns-1 gallery-size-full'><dl class='gallery-item'>\n\t\t\t<dt class='gallery-icon portrait'>\n\t\t\t\t<img decoding=\"async\" width=\"1063\" height=\"1329\" src=\"https:\/\/salonmanifest.ro\/wp-content\/uploads\/2021\/04\/ligia.ghiulai_1618413457462328.jpg\" class=\"attachment-full size-full\" alt=\"\" srcset=\"https:\/\/salonmanifest.ro\/wp-content\/uploads\/2021\/04\/ligia.ghiulai_1618413457462328.jpg 1063w, https:\/\/salonmanifest.ro\/wp-content\/uploads\/2021\/04\/ligia.ghiulai_1618413457462328-980x1225.jpg 980w, https:\/\/salonmanifest.ro\/wp-content\/uploads\/2021\/04\/ligia.ghiulai_1618413457462328-480x600.jpg 480w\" sizes=\"(min-width: 0px) and (max-width: 480px) 480px, (min-width: 481px) and (max-width: 980px) 980px, (min-width: 981px) 1063px, 100vw\" \/>\n\t\t\t<\/dt><\/dl><br style=\"clear: both\" \/>\n\t\t<\/div>\n\n<p><b>\u00a0<\/b><\/p>\n<h2><b>\u00a0<\/b><span style=\"font-weight: 400;\">Coafuri pentru parul mediu tinand cont de stil<\/span><\/h2>\n<p><span style=\"font-weight: 400;\">Stilul este format din totalitatea caracteristicilor prin care este recunoscut \u0219i este ales \u00een func\u021bie de tipul de personalitate, conceptul \u021binutei pe care o por\u021bi \u0219i\/sau direc\u021bia machiajului. Astfel, \u00een func\u021bie de stil, po\u021bi opta pentru o coafur\u0103 pentru p\u0103rul mediu care exprim\u0103 elegan\u021b\u0103, simplitate sau \u00eendr\u0103zneal\u0103. Pentru p\u0103rul mediu, este indicat ca indiferent de stilul ales, p\u0103rul va prezinte voluminozitate.<\/span><\/p>\n<h3><span style=\"font-weight: 400;\">Coafuri elegante pentru parul mediu<\/span><\/h3>\n<p><span style=\"font-weight: 400;\">Stilul elegant se caracterizeaz\u0103 prin armonie, ordine, structuri liniare \u0219i inclusiv ad\u0103ugarea unui accesoriu de efect, care s\u0103 acapareze aten\u021bia asupra \u00eentregii coafuri. P\u0103rul mediu va fi coafat elegant prin bucle romantice, l\u0103sate pe spate, prin cocuri ce scot \u00een eviden\u021b\u0103 latura senzual\u0103 a femeii, precum cocul spaniol, cocul lejer sau cel cu bucle. Se poate ad\u0103uga peste coafura realizat\u0103 un sprat str\u0103lucitor, pentru un rezultat des\u0103v\u00e2r\u0219it.<\/span><\/p>\n\n\t\t<style type=\"text\/css\">\n\t\t\t#gallery-11 {\n\t\t\t\tmargin: auto;\n\t\t\t}\n\t\t\t#gallery-11 .gallery-item {\n\t\t\t\tfloat: left;\n\t\t\t\tmargin-top: 10px;\n\t\t\t\ttext-align: center;\n\t\t\t\twidth: 100%;\n\t\t\t}\n\t\t\t#gallery-11 img {\n\t\t\t\tborder: 2px solid #cfcfcf;\n\t\t\t}\n\t\t\t#gallery-11 .gallery-caption {\n\t\t\t\tmargin-left: 0;\n\t\t\t}\n\t\t\t\/* see gallery_shortcode() in wp-includes\/media.php *\/\n\t\t<\/style>\n\t\t<div id='gallery-11' class='gallery galleryid-2004 gallery-columns-1 gallery-size-full'><dl class='gallery-item'>\n\t\t\t<dt class='gallery-icon portrait'>\n\t\t\t\t<img decoding=\"async\" width=\"1080\" height=\"1350\" src=\"https:\/\/salonmanifest.ro\/wp-content\/uploads\/2021\/04\/beeatricemiu_161858294297179.jpg\" class=\"attachment-full size-full\" alt=\"\" srcset=\"https:\/\/salonmanifest.ro\/wp-content\/uploads\/2021\/04\/beeatricemiu_161858294297179.jpg 1080w, https:\/\/salonmanifest.ro\/wp-content\/uploads\/2021\/04\/beeatricemiu_161858294297179-980x1225.jpg 980w, https:\/\/salonmanifest.ro\/wp-content\/uploads\/2021\/04\/beeatricemiu_161858294297179-480x600.jpg 480w\" sizes=\"(min-width: 0px) and (max-width: 480px) 480px, (min-width: 481px) and (max-width: 980px) 980px, (min-width: 981px) 1080px, 100vw\" \/>\n\t\t\t<\/dt><\/dl><br style=\"clear: both\" \/>\n\t\t<\/div>\n\n<h3><span style=\"font-weight: 400;\">Coafuri moderne pentru parul mediu<\/span><\/h3>\n<p><span style=\"font-weight: 400;\">Coafurile moderne pentru caracterizate prin nonconformism, \u00een care nu exist\u0103 o limit\u0103 sau un tipar de care trebuie s\u0103 te ghidezi. Ad\u0103ug\u0103 volum \u0219i creativitate p\u0103rului de dimensiune medie prin \u00eemplitirea pe spate a acestuia cu frunte descopertit\u0103, ce se va potrivi \u021binutelor glam. Cocuri \u0219i cozi lejere, cu aspect r\u0103v\u0103\u0219it sunt de asemenea caracteristice look-ului modern, care vor putea fi accesorizate cu agrafe \u00een forme distinctive, precum popularul hashtag (#).<\/span><\/p>\n\n\t\t<style type=\"text\/css\">\n\t\t\t#gallery-12 {\n\t\t\t\tmargin: auto;\n\t\t\t}\n\t\t\t#gallery-12 .gallery-item {\n\t\t\t\tfloat: left;\n\t\t\t\tmargin-top: 10px;\n\t\t\t\ttext-align: center;\n\t\t\t\twidth: 100%;\n\t\t\t}\n\t\t\t#gallery-12 img {\n\t\t\t\tborder: 2px solid #cfcfcf;\n\t\t\t}\n\t\t\t#gallery-12 .gallery-caption {\n\t\t\t\tmargin-left: 0;\n\t\t\t}\n\t\t\t\/* see gallery_shortcode() in wp-includes\/media.php *\/\n\t\t<\/style>\n\t\t<div id='gallery-12' class='gallery galleryid-2004 gallery-columns-1 gallery-size-full'><dl class='gallery-item'>\n\t\t\t<dt class='gallery-icon portrait'>\n\t\t\t\t<img decoding=\"async\" width=\"1080\" height=\"1226\" src=\"https:\/\/salonmanifest.ro\/wp-content\/uploads\/2021\/04\/beeatricemiu_1618582905382438.jpg\" class=\"attachment-full size-full\" alt=\"\" srcset=\"https:\/\/salonmanifest.ro\/wp-content\/uploads\/2021\/04\/beeatricemiu_1618582905382438.jpg 1080w, https:\/\/salonmanifest.ro\/wp-content\/uploads\/2021\/04\/beeatricemiu_1618582905382438-980x1112.jpg 980w, https:\/\/salonmanifest.ro\/wp-content\/uploads\/2021\/04\/beeatricemiu_1618582905382438-480x545.jpg 480w\" sizes=\"(min-width: 0px) and (max-width: 480px) 480px, (min-width: 481px) and (max-width: 980px) 980px, (min-width: 981px) 1080px, 100vw\" \/>\n\t\t\t<\/dt><\/dl><br style=\"clear: both\" \/>\n\t\t<\/div>\n\n<h3><span style=\"font-weight: 400;\">Coafuri extravagante pentru parul mediu<\/span><\/h3>\n<p><span style=\"font-weight: 400;\">\u00cen func\u021bie de evenimentul la care perticipi, exist\u0103 \u0219i coafuri extravagante, care vor cuceri personalele din jur, fiind captivate de detaliile din p\u0103rul mediu sau de structurile asimetrice. Printre coafurile extravagante se pot enumera wet look-ul, popularizat de c\u0103tre vedetele hollywoodiene, \u00eempletituri structurate, cu aspect dezordonat \u0219i o ureche descoperit\u0103, dar \u0219i bretonul asimetric, pentru un aer misterios.\u00a0<\/span><\/p>\n\n\t\t<style type=\"text\/css\">\n\t\t\t#gallery-13 {\n\t\t\t\tmargin: auto;\n\t\t\t}\n\t\t\t#gallery-13 .gallery-item {\n\t\t\t\tfloat: left;\n\t\t\t\tmargin-top: 10px;\n\t\t\t\ttext-align: center;\n\t\t\t\twidth: 100%;\n\t\t\t}\n\t\t\t#gallery-13 img {\n\t\t\t\tborder: 2px solid #cfcfcf;\n\t\t\t}\n\t\t\t#gallery-13 .gallery-caption {\n\t\t\t\tmargin-left: 0;\n\t\t\t}\n\t\t\t\/* see gallery_shortcode() in wp-includes\/media.php *\/\n\t\t<\/style>\n\t\t<div id='gallery-13' class='gallery galleryid-2004 gallery-columns-1 gallery-size-full'><dl class='gallery-item'>\n\t\t\t<dt class='gallery-icon portrait'>\n\t\t\t\t<img decoding=\"async\" width=\"1080\" height=\"1264\" src=\"https:\/\/salonmanifest.ro\/wp-content\/uploads\/2021\/04\/ligia.ghiulai_1618583428410656.jpg\" class=\"attachment-full size-full\" alt=\"\" srcset=\"https:\/\/salonmanifest.ro\/wp-content\/uploads\/2021\/04\/ligia.ghiulai_1618583428410656.jpg 1080w, https:\/\/salonmanifest.ro\/wp-content\/uploads\/2021\/04\/ligia.ghiulai_1618583428410656-980x1147.jpg 980w, https:\/\/salonmanifest.ro\/wp-content\/uploads\/2021\/04\/ligia.ghiulai_1618583428410656-480x562.jpg 480w\" sizes=\"(min-width: 0px) and (max-width: 480px) 480px, (min-width: 481px) and (max-width: 980px) 980px, (min-width: 981px) 1080px, 100vw\" \/>\n\t\t\t<\/dt><\/dl><br style=\"clear: both\" \/>\n\t\t<\/div>\n\n<h3><span style=\"font-weight: 400;\">Coafuri casual pentru parul mediu<\/span><\/h3>\n<p><span style=\"font-weight: 400;\">Pentru a avea o coafur\u0103 casual, recomandat\u0103 p\u0103rului mediu, acesta va fi \u00eempletit \u00een variante clasice, precum \u00eempletitura spic, ce eman\u0103 un aer sofisticat \u0219i poate fi accesorizat\u0103 dup\u0103 preferin\u021be, sau ondulat \u00een bucle lejere, purtate pe spate sau prinse \u00een coad\u0103. Aceste coafuri sunt potrivite pentru o zi la birou, dar \u0219i pentru evenimente mai importante dac\u0103 sunt completate de o \u021binut\u0103 \u0219i o accesorizare mai extravagant\u0103.<\/span><\/p>\n\n\t\t<style type=\"text\/css\">\n\t\t\t#gallery-14 {\n\t\t\t\tmargin: auto;\n\t\t\t}\n\t\t\t#gallery-14 .gallery-item {\n\t\t\t\tfloat: left;\n\t\t\t\tmargin-top: 10px;\n\t\t\t\ttext-align: center;\n\t\t\t\twidth: 100%;\n\t\t\t}\n\t\t\t#gallery-14 img {\n\t\t\t\tborder: 2px solid #cfcfcf;\n\t\t\t}\n\t\t\t#gallery-14 .gallery-caption {\n\t\t\t\tmargin-left: 0;\n\t\t\t}\n\t\t\t\/* see gallery_shortcode() in wp-includes\/media.php *\/\n\t\t<\/style>\n\t\t<div id='gallery-14' class='gallery galleryid-2004 gallery-columns-1 gallery-size-full'><dl class='gallery-item'>\n\t\t\t<dt class='gallery-icon portrait'>\n\t\t\t\t<img decoding=\"async\" width=\"1080\" height=\"1350\" src=\"https:\/\/salonmanifest.ro\/wp-content\/uploads\/2021\/04\/alin.lev_1618646603251295.jpg\" class=\"attachment-full size-full\" alt=\"\" srcset=\"https:\/\/salonmanifest.ro\/wp-content\/uploads\/2021\/04\/alin.lev_1618646603251295.jpg 1080w, https:\/\/salonmanifest.ro\/wp-content\/uploads\/2021\/04\/alin.lev_1618646603251295-980x1225.jpg 980w, https:\/\/salonmanifest.ro\/wp-content\/uploads\/2021\/04\/alin.lev_1618646603251295-480x600.jpg 480w\" sizes=\"(min-width: 0px) and (max-width: 480px) 480px, (min-width: 481px) and (max-width: 980px) 980px, (min-width: 981px) 1080px, 100vw\" \/>\n\t\t\t<\/dt><\/dl><br style=\"clear: both\" \/>\n\t\t<\/div>\n\n<h3><span style=\"font-weight: 400;\">Coafuri pentru parul mediu cu breton<\/span><\/h3>\n<p><span style=\"font-weight: 400;\">Bretonul poate fi reg\u0103sit \u00een mai multe tipuri, drept, asimetric, pe o parte sau pe mijloc, dar trebuie ales cu scopul de a complimenta fizionomia ta, pentru a pune \u00een eviden\u021b\u0103 tr\u0103s\u0103turile chipului t\u0103u. Bretonul va necesita de o \u00eengrijire mai atent\u0103, trebuie s\u0103-l coafezi adecvat, pentru a se potrivi cu stilul p\u0103rului t\u0103u mediu. Onduleaz\u0103 sau \u00eendrept\u0103 bretonul \u00een func\u021bie de simplitatea sau complexitat<\/span><\/p>\n\n\t\t<style type=\"text\/css\">\n\t\t\t#gallery-15 {\n\t\t\t\tmargin: auto;\n\t\t\t}\n\t\t\t#gallery-15 .gallery-item {\n\t\t\t\tfloat: left;\n\t\t\t\tmargin-top: 10px;\n\t\t\t\ttext-align: center;\n\t\t\t\twidth: 100%;\n\t\t\t}\n\t\t\t#gallery-15 img {\n\t\t\t\tborder: 2px solid #cfcfcf;\n\t\t\t}\n\t\t\t#gallery-15 .gallery-caption {\n\t\t\t\tmargin-left: 0;\n\t\t\t}\n\t\t\t\/* see gallery_shortcode() in wp-includes\/media.php *\/\n\t\t<\/style>\n\t\t<div id='gallery-15' class='gallery galleryid-2004 gallery-columns-1 gallery-size-full'><dl class='gallery-item'>\n\t\t\t<dt class='gallery-icon portrait'>\n\t\t\t\t<img decoding=\"async\" width=\"1200\" height=\"1600\" src=\"https:\/\/salonmanifest.ro\/wp-content\/uploads\/2021\/04\/SmokyCoc.jpeg\" class=\"attachment-full size-full\" alt=\"\" srcset=\"https:\/\/salonmanifest.ro\/wp-content\/uploads\/2021\/04\/SmokyCoc-1200x720.jpeg 1200w, https:\/\/salonmanifest.ro\/wp-content\/uploads\/2021\/04\/SmokyCoc-980x551.jpeg 980w, https:\/\/salonmanifest.ro\/wp-content\/uploads\/2021\/04\/SmokyCoc-480x270.jpeg 480w\" sizes=\"(min-width: 0px) and (max-width: 480px) 480px, (min-width: 481px) and (max-width: 980px) 980px, (min-width: 981px) and (max-width: 1200px) 1200px, 100vw\" \/>\n\t\t\t<\/dt><\/dl><br style=\"clear: both\" \/>\n\t\t<\/div>\n\n<p><span style=\"font-weight: 400;\">ea coafurii tale din acea zi sau pentru acel eveniment.\u00a0<\/span><\/p>\n<h3><span style=\"font-weight: 400;\">Coafuri retro pentru parul mediu<\/span><\/h3>\n<p><span style=\"font-weight: 400;\">Stilul retro se \u00eenclin\u0103 spre acea perioad\u0103 semnificativ\u0103 a anilor &#8217;50 \u0219i \u00ee\u0219i g\u0103se\u0219te inspira\u021bia din caracteristici precum rafinament, gra\u021bie, feminitatea. Printre coafurile iconice acestui stil se reg\u0103sesc: Victory rolls, ce presupun bucle voluminoase amplasate deasupra capului \u0219i care \u00eencadreaz\u0103 fa\u021ba, coada de cal ridicat\u0103, al\u0103turi de o e\u0219arf\u0103 legat\u0103 \u00een jurul capului, coafura Elvis Quiff, prin care se tapeaz\u0103 partea superioar\u0103 \u0219i se rote\u0219te cu o perie. P\u0103rul de lungime medie este cel mai potrivit pentru realizatea coafurilor \u00een stil retro, agrafele \u0219i fixativul le vor \u021bine \u00een loc \u0219i se pot accesoriza cu alte accente metalice sau benti\u021be late.<\/span><\/p>\n\n\t\t<style type=\"text\/css\">\n\t\t\t#gallery-16 {\n\t\t\t\tmargin: auto;\n\t\t\t}\n\t\t\t#gallery-16 .gallery-item {\n\t\t\t\tfloat: left;\n\t\t\t\tmargin-top: 10px;\n\t\t\t\ttext-align: center;\n\t\t\t\twidth: 100%;\n\t\t\t}\n\t\t\t#gallery-16 img {\n\t\t\t\tborder: 2px solid #cfcfcf;\n\t\t\t}\n\t\t\t#gallery-16 .gallery-caption {\n\t\t\t\tmargin-left: 0;\n\t\t\t}\n\t\t\t\/* see gallery_shortcode() in wp-includes\/media.php *\/\n\t\t<\/style>\n\t\t<div id='gallery-16' class='gallery galleryid-2004 gallery-columns-1 gallery-size-full'><dl class='gallery-item'>\n\t\t\t<dt class='gallery-icon landscape'>\n\t\t\t\t<img decoding=\"async\" width=\"2048\" height=\"1367\" src=\"https:\/\/salonmanifest.ro\/wp-content\/uploads\/2021\/04\/16-2048x1367-1.jpg\" class=\"attachment-full size-full\" alt=\"\" srcset=\"https:\/\/salonmanifest.ro\/wp-content\/uploads\/2021\/04\/16-2048x1367-1.jpg 2048w, https:\/\/salonmanifest.ro\/wp-content\/uploads\/2021\/04\/16-2048x1367-1-1280x854.jpg 1280w, https:\/\/salonmanifest.ro\/wp-content\/uploads\/2021\/04\/16-2048x1367-1-980x654.jpg 980w, https:\/\/salonmanifest.ro\/wp-content\/uploads\/2021\/04\/16-2048x1367-1-480x320.jpg 480w\" sizes=\"(min-width: 0px) and (max-width: 480px) 480px, (min-width: 481px) and (max-width: 980px) 980px, (min-width: 981px) and (max-width: 1280px) 1280px, (min-width: 1281px) 2048px, 100vw\" \/>\n\t\t\t<\/dt><\/dl><br style=\"clear: both\" \/>\n\t\t<\/div>\n\n<h3><\/h3>\n<h3><span style=\"font-weight: 400;\">Coafuri pentru parul mediu tuns in scari<\/span><\/h3>\n<p><span style=\"font-weight: 400;\">P\u0103rul mediu tuns \u00een sc\u0103ri este un stil maleabil, ce permite tipuri de coafuri variate \u0219i avantajeaz\u0103 firul sub\u021bire de p\u0103r, oferindu-i un plus de volum \u0219i dimensiune. P\u0103rul mediu tuns \u00een sc\u0103ri arat\u0103 fabulos \u0219i doar \u00eendreptat cu ajutorul unor ustensile specifice, dar va arata \u0219i mai chic cu un plus de volum, realizat cu o perie pentru coafat. De asemenea, pentru un look de efect, po\u021bi \u00eentoarce v\u00e2rfurile at\u00e2t spre interior, c\u00e2t \u0219i spre exterior, cu o perie rotund\u0103 de dimeniuni mai mici, realiz\u00e2nd o coafur\u0103 care va rezista pe parcursul zilei.<\/span><\/p>\n\n\t\t<style type=\"text\/css\">\n\t\t\t#gallery-17 {\n\t\t\t\tmargin: auto;\n\t\t\t}\n\t\t\t#gallery-17 .gallery-item {\n\t\t\t\tfloat: left;\n\t\t\t\tmargin-top: 10px;\n\t\t\t\ttext-align: center;\n\t\t\t\twidth: 100%;\n\t\t\t}\n\t\t\t#gallery-17 img {\n\t\t\t\tborder: 2px solid #cfcfcf;\n\t\t\t}\n\t\t\t#gallery-17 .gallery-caption {\n\t\t\t\tmargin-left: 0;\n\t\t\t}\n\t\t\t\/* see gallery_shortcode() in wp-includes\/media.php *\/\n\t\t<\/style>\n\t\t<div id='gallery-17' class='gallery galleryid-2004 gallery-columns-1 gallery-size-full'><dl class='gallery-item'>\n\t\t\t<dt class='gallery-icon portrait'>\n\t\t\t\t<img decoding=\"async\" width=\"1200\" height=\"1600\" src=\"https:\/\/salonmanifest.ro\/wp-content\/uploads\/2021\/04\/Beach_Waves-1.jpeg\" class=\"attachment-full size-full\" alt=\"\" srcset=\"https:\/\/salonmanifest.ro\/wp-content\/uploads\/2021\/04\/Beach_Waves-1.jpeg 1200w, https:\/\/salonmanifest.ro\/wp-content\/uploads\/2021\/04\/Beach_Waves-1-980x1307.jpeg 980w, https:\/\/salonmanifest.ro\/wp-content\/uploads\/2021\/04\/Beach_Waves-1-480x640.jpeg 480w\" sizes=\"(min-width: 0px) and (max-width: 480px) 480px, (min-width: 481px) and (max-width: 980px) 980px, (min-width: 981px) 1200px, 100vw\" \/>\n\t\t\t<\/dt><\/dl><br style=\"clear: both\" \/>\n\t\t<\/div>\n\n<h2><span style=\"font-weight: 400;\">Modele de impletituri pentru parul mediu<\/span><\/h2>\n<p><span style=\"font-weight: 400;\">Indiferent de lungimea p\u0103rului, \u00eempletiturile pentru extrem de populare \u0219i de feminine. Cu ajutorul imagina\u021biei po\u021bi crea cele mai deosebite \u00eempletituri care s\u0103 te complementeze. Un sfat ce te va ajuta \u00eentotdeuna este folosirea unui elastic transparent la finalul \u00eempletiturii, pentru un aspect mai pl\u0103cut. Desigur, exist\u0103 \u00eempletituri recomandate pentru p\u0103rul mediu, care \u00ee\u021bi vor lumina chipul \u0219i vor aduce un plus de extraordinar, rafinament sau volum, precum:<\/span><\/p>\n<ul>\n<li><span style=\"font-weight: 400;\">\u00a0 \u00a0 \u00a0 \u00cempletitura spic, pe mijloc sau pe o parte, mereu o alegere care nu va da gre\u0219<\/span><\/li>\n<li><span style=\"font-weight: 400;\"> \u00a0 \u00a0 \u00a0 \u00cempletitura de tip fundi\u021b\u0103, care ofer\u0103 jovialitate<\/span><\/li>\n<li><span style=\"font-weight: 400;\"> \u00a0 \u00a0 \u00a0 \u00cempletitura coad\u0103 de pe\u0219te, reg\u0103sit\u0103 printre preferatele tuturor<\/span><\/li>\n<li><span style=\"font-weight: 400;\"> \u00a0 \u00a0 \u00a0 \u00cempletitura siren\u0103, ideal\u0103 pentru persoanele cu p\u0103r bogat.<\/span><\/li>\n<li><span style=\"font-weight: 400;\"> \u00a0 \u00a0 \u00a0 \u00cempletitura coroni\u021b\u0103, caracterizat\u0103 prin elegan\u021b\u0103 \u0219i femin\u0103tate<\/span><\/li>\n<li><span style=\"font-weight: 400;\"> \u00a0 \u00a0 \u00a0 \u00cempletitura olandez\u0103, o coafur\u0103 proasp\u0103t\u0103 \u0219i de efect<\/span><\/li>\n<\/ul>\n\n\t\t<style type=\"text\/css\">\n\t\t\t#gallery-18 {\n\t\t\t\tmargin: auto;\n\t\t\t}\n\t\t\t#gallery-18 .gallery-item {\n\t\t\t\tfloat: left;\n\t\t\t\tmargin-top: 10px;\n\t\t\t\ttext-align: center;\n\t\t\t\twidth: 100%;\n\t\t\t}\n\t\t\t#gallery-18 img {\n\t\t\t\tborder: 2px solid #cfcfcf;\n\t\t\t}\n\t\t\t#gallery-18 .gallery-caption {\n\t\t\t\tmargin-left: 0;\n\t\t\t}\n\t\t\t\/* see gallery_shortcode() in wp-includes\/media.php *\/\n\t\t<\/style>\n\t\t<div id='gallery-18' class='gallery galleryid-2004 gallery-columns-1 gallery-size-full'><dl class='gallery-item'>\n\t\t\t<dt class='gallery-icon portrait'>\n\t\t\t\t<img decoding=\"async\" width=\"455\" height=\"636\" src=\"https:\/\/salonmanifest.ro\/wp-content\/uploads\/2021\/04\/Screen-Shot-2021-03-23-at-6.50.50-PM.png\" class=\"attachment-full size-full\" alt=\"\" srcset=\"https:\/\/salonmanifest.ro\/wp-content\/uploads\/2021\/04\/Screen-Shot-2021-03-23-at-6.50.50-PM.png 455w, https:\/\/salonmanifest.ro\/wp-content\/uploads\/2021\/04\/Screen-Shot-2021-03-23-at-6.50.50-PM-215x300.png 215w\" sizes=\"(max-width: 455px) 100vw, 455px\" \/>\n\t\t\t<\/dt><\/dl><br style=\"clear: both\" \/>\n\t\t<\/div>\n\n<h2><span style=\"font-weight: 400;\">Idei de coafuri cu bucle pentru parul mediu<\/span><\/h2>\n<p><span style=\"font-weight: 400;\">Buclele, artificiul preferat de c\u0103tre multe persoane, vin \u00een diferite forme \u0219i dimensiuni, ce servesc ocaziei, momentului \u00een care sunt purtate. \u00cen cazul p\u0103rului mediu este recomandat ca buclele s\u0103 fie realizate spre v\u00e2rfuri, pentru a nu t\u0103ia foarte mult din lungimea p\u0103rului. Acestea inspir\u0103 un aspect natual \u0219i elegant prin stilul romanctic care nu se va demoda niciodat\u0103. Buclele se pot reg\u0103si \u00een combina\u021bii diverse, cu cocuri, cozi sau \u00eempletituri.<\/span><\/p>\n\n\t\t<style type=\"text\/css\">\n\t\t\t#gallery-19 {\n\t\t\t\tmargin: auto;\n\t\t\t}\n\t\t\t#gallery-19 .gallery-item {\n\t\t\t\tfloat: left;\n\t\t\t\tmargin-top: 10px;\n\t\t\t\ttext-align: center;\n\t\t\t\twidth: 100%;\n\t\t\t}\n\t\t\t#gallery-19 img {\n\t\t\t\tborder: 2px solid #cfcfcf;\n\t\t\t}\n\t\t\t#gallery-19 .gallery-caption {\n\t\t\t\tmargin-left: 0;\n\t\t\t}\n\t\t\t\/* see gallery_shortcode() in wp-includes\/media.php *\/\n\t\t<\/style>\n\t\t<div id='gallery-19' class='gallery galleryid-2004 gallery-columns-1 gallery-size-full'><dl class='gallery-item'>\n\t\t\t<dt class='gallery-icon portrait'>\n\t\t\t\t<img decoding=\"async\" width=\"1080\" height=\"1159\" src=\"https:\/\/salonmanifest.ro\/wp-content\/uploads\/2021\/04\/iuliantimisica_20210327_180127-2.jpg\" class=\"attachment-full size-full\" alt=\"\" srcset=\"https:\/\/salonmanifest.ro\/wp-content\/uploads\/2021\/04\/iuliantimisica_20210327_180127-2.jpg 1080w, https:\/\/salonmanifest.ro\/wp-content\/uploads\/2021\/04\/iuliantimisica_20210327_180127-2-980x1052.jpg 980w, https:\/\/salonmanifest.ro\/wp-content\/uploads\/2021\/04\/iuliantimisica_20210327_180127-2-480x515.jpg 480w\" sizes=\"(min-width: 0px) and (max-width: 480px) 480px, (min-width: 481px) and (max-width: 980px) 980px, (min-width: 981px) 1080px, 100vw\" \/>\n\t\t\t<\/dt><\/dl><br style=\"clear: both\" \/>\n\t\t<\/div>\n\n<h3><span style=\"font-weight: 400;\">Coafuri tip waves pentru parul mediu<\/span><\/h3>\n<p><span style=\"font-weight: 400;\">Coafura de tip <\/span><i><span style=\"font-weight: 400;\">waves<\/span><\/i><span style=\"font-weight: 400;\"> imit\u0103 aspectul pe care p\u0103rul l-ar avea \u00een uscarea \u00een mod natural, dup\u0103 o baie \u00een mare. Aceast\u0103 coafur\u0103 este \u00eendr\u0103git\u0103 pentru aerul fresh pe care \u00eel eman\u0103 \u0219i se potrive\u0219te cu lejeritate oric\u0103rei \u021binute. Este re\u021binut faptul c\u0103 buclele tip waves se potrivesc cu prec\u0103dere femeilor care au fa\u021ba oval\u0103. \u00cen ob\u021binerea onduleurilor din coafurile tip waves, se va folosi un ondulator cu o bara medie spre mare. Coafurile tip waves pentru p\u0103rul mediu se vor contura cu stil prin ad\u0103ugarea unor accesorii, precum o e\u0219arf\u0103 legat\u0103 \u00een jurul capului.<\/span><\/p>\n\n\t\t<style type=\"text\/css\">\n\t\t\t#gallery-20 {\n\t\t\t\tmargin: auto;\n\t\t\t}\n\t\t\t#gallery-20 .gallery-item {\n\t\t\t\tfloat: left;\n\t\t\t\tmargin-top: 10px;\n\t\t\t\ttext-align: center;\n\t\t\t\twidth: 100%;\n\t\t\t}\n\t\t\t#gallery-20 img {\n\t\t\t\tborder: 2px solid #cfcfcf;\n\t\t\t}\n\t\t\t#gallery-20 .gallery-caption {\n\t\t\t\tmargin-left: 0;\n\t\t\t}\n\t\t\t\/* see gallery_shortcode() in wp-includes\/media.php *\/\n\t\t<\/style>\n\t\t<div id='gallery-20' class='gallery galleryid-2004 gallery-columns-1 gallery-size-full'><dl class='gallery-item'>\n\t\t\t<dt class='gallery-icon landscape'>\n\t\t\t\t<img decoding=\"async\" width=\"1080\" height=\"1080\" src=\"https:\/\/salonmanifest.ro\/wp-content\/uploads\/2021\/04\/daniel.putineanu_1618583398011347.jpg\" class=\"attachment-full size-full\" alt=\"\" srcset=\"https:\/\/salonmanifest.ro\/wp-content\/uploads\/2021\/04\/daniel.putineanu_1618583398011347.jpg 1080w, https:\/\/salonmanifest.ro\/wp-content\/uploads\/2021\/04\/daniel.putineanu_1618583398011347-980x980.jpg 980w, https:\/\/salonmanifest.ro\/wp-content\/uploads\/2021\/04\/daniel.putineanu_1618583398011347-480x480.jpg 480w\" sizes=\"(min-width: 0px) and (max-width: 480px) 480px, (min-width: 481px) and (max-width: 980px) 980px, (min-width: 981px) 1080px, 100vw\" \/>\n\t\t\t<\/dt><\/dl><br style=\"clear: both\" \/>\n\t\t<\/div>\n\n<h3><span style=\"font-weight: 400;\">Bucle lejere pentru parul mediu<\/span><\/h3>\n<p><span style=\"font-weight: 400;\">Coafurile pentru p\u0103rul mediu de con\u021bin bucle lejere, vor emana \u00eentotdeuna un aspect rafinat \u0219i feminin, ce se va preta pentru orice eveniment. Un mod de purtare a buclelor lejere este prin l\u0103sarea p\u0103rului pe spate \u0219i accentuarea cu agrafe deosebite \u00een p\u0103r\u021bile laterale, pentru o \u00eencadrare frumoas\u0103 a fe\u021bei. Buclele lejere se v\u0103d extraordinar \u0219i prinse \u00eentr-o coad\u0103, c\u00e2nd este pozi\u021bionat\u0103 at\u00e2t \u00een partea superioar\u0103, c\u00e2t \u0219i spre ceaf\u0103.<\/span><\/p>\n\n\t\t<style type=\"text\/css\">\n\t\t\t#gallery-21 {\n\t\t\t\tmargin: auto;\n\t\t\t}\n\t\t\t#gallery-21 .gallery-item {\n\t\t\t\tfloat: left;\n\t\t\t\tmargin-top: 10px;\n\t\t\t\ttext-align: center;\n\t\t\t\twidth: 100%;\n\t\t\t}\n\t\t\t#gallery-21 img {\n\t\t\t\tborder: 2px solid #cfcfcf;\n\t\t\t}\n\t\t\t#gallery-21 .gallery-caption {\n\t\t\t\tmargin-left: 0;\n\t\t\t}\n\t\t\t\/* see gallery_shortcode() in wp-includes\/media.php *\/\n\t\t<\/style>\n\t\t<div id='gallery-21' class='gallery galleryid-2004 gallery-columns-1 gallery-size-full'><dl class='gallery-item'>\n\t\t\t<dt class='gallery-icon portrait'>\n\t\t\t\t<img decoding=\"async\" width=\"1080\" height=\"1350\" src=\"https:\/\/salonmanifest.ro\/wp-content\/uploads\/2021\/04\/alin.lev_20210313_212654-2.jpg\" class=\"attachment-full size-full\" alt=\"\" srcset=\"https:\/\/salonmanifest.ro\/wp-content\/uploads\/2021\/04\/alin.lev_20210313_212654-2.jpg 1080w, https:\/\/salonmanifest.ro\/wp-content\/uploads\/2021\/04\/alin.lev_20210313_212654-2-980x1225.jpg 980w, https:\/\/salonmanifest.ro\/wp-content\/uploads\/2021\/04\/alin.lev_20210313_212654-2-480x600.jpg 480w\" sizes=\"(min-width: 0px) and (max-width: 480px) 480px, (min-width: 481px) and (max-width: 980px) 980px, (min-width: 981px) 1080px, 100vw\" \/>\n\t\t\t<\/dt><\/dl><br style=\"clear: both\" \/>\n\t\t<\/div>\n\n<h3><span style=\"font-weight: 400;\">Bucle afro pentru parul mediu<\/span><\/h3>\n<p><span style=\"font-weight: 400;\">Buclele afro presupun o coafur\u0103 extrem de voluminoas\u0103, similar\u0103 unei coame de leu, care va cuceri pe oricine. Datorit\u0103 volumului, coafura este indicat\u0103 p\u0103rului mediu \u0219i \u00eei va oferi un aer \u00eendr\u0103zne\u021b, jovial, plin de vitalitate \u0219i potrivit pentru evenimente speciale. Acest model se va plia cel mai bine pentru femeile care au un p\u0103r cre\u021b foarte bogat.<\/span><\/p>\n\n\t\t<style type=\"text\/css\">\n\t\t\t#gallery-22 {\n\t\t\t\tmargin: auto;\n\t\t\t}\n\t\t\t#gallery-22 .gallery-item {\n\t\t\t\tfloat: left;\n\t\t\t\tmargin-top: 10px;\n\t\t\t\ttext-align: center;\n\t\t\t\twidth: 100%;\n\t\t\t}\n\t\t\t#gallery-22 img {\n\t\t\t\tborder: 2px solid #cfcfcf;\n\t\t\t}\n\t\t\t#gallery-22 .gallery-caption {\n\t\t\t\tmargin-left: 0;\n\t\t\t}\n\t\t\t\/* see gallery_shortcode() in wp-includes\/media.php *\/\n\t\t<\/style>\n\t\t<div id='gallery-22' class='gallery galleryid-2004 gallery-columns-1 gallery-size-full'><dl class='gallery-item'>\n\t\t\t<dt class='gallery-icon portrait'>\n\t\t\t\t<img decoding=\"async\" width=\"1367\" height=\"2048\" src=\"https:\/\/salonmanifest.ro\/wp-content\/uploads\/2021\/04\/20-1-1367x2048-1.jpg\" class=\"attachment-full size-full\" alt=\"\" srcset=\"https:\/\/salonmanifest.ro\/wp-content\/uploads\/2021\/04\/20-1-1367x2048-1.jpg 1367w, https:\/\/salonmanifest.ro\/wp-content\/uploads\/2021\/04\/20-1-1367x2048-1-1280x720.jpg 1280w, https:\/\/salonmanifest.ro\/wp-content\/uploads\/2021\/04\/20-1-1367x2048-1-980x551.jpg 980w, https:\/\/salonmanifest.ro\/wp-content\/uploads\/2021\/04\/20-1-1367x2048-1-480x270.jpg 480w\" sizes=\"(min-width: 0px) and (max-width: 480px) 480px, (min-width: 481px) and (max-width: 980px) 980px, (min-width: 981px) and (max-width: 1280px) 1280px, (min-width: 1281px) 1367px, 100vw\" \/>\n\t\t\t<\/dt><\/dl><br style=\"clear: both\" \/>\n\t\t<\/div>\n\n<h2><\/h2>\n<h2><span style=\"font-weight: 400;\">Modele de cocuri pentru parul mediu<\/span><\/h2>\n<p><span style=\"font-weight: 400;\">Cocul, \u00een diferitele varia\u021bii ale acestuia, ofer\u0103 un aspect elegant \u0219i dichisit, fiind preferat pentru evenimente ce au loc at\u00e2t \u00een timpul zilei, c\u00e2t \u0219i seara. Cocul poate fi accesorizat cu u\u0219urin\u021b\u0103, este realizat \u00eentr-un timp scurt \u0219i nu necesit\u0103 multe produse de styling. Aceste caracteristici fac purtatea modelelor de cocuri de c\u0103tre un num\u0103r ridicat de persoane. Trebui s\u0103 ai \u00een vedere sus\u021binerea corect\u0103 a acestuia, prin agrafele \u0219i elasticele ce aduc siguran\u021b\u0103 \u00een men\u021binerea coafurii.<\/span><\/p>\n<h3><span style=\"font-weight: 400;\">Cocul lejer<\/span><\/h3>\n<p><span style=\"font-weight: 400;\">Cocul lejer pentru p\u0103rul mediu reprezint\u0103 o coafur\u0103 simpl\u0103, dar de efect, ce creaz\u0103 un aspect elegant \u0219i \u00eengrijit, f\u0103r\u0103 prea mult efort. Este recomandat\u0103 utilizarea fixativului \u00een scopul de a prelungi durabilitatea coafurii, \u00eens\u0103 depinde de structura tipului t\u0103u de p\u0103r; dac\u0103 ai p\u0103rul des \u0219i rezistent, nu trebuie s\u0103-\u021bi faci griji, cocul se va men\u021bine doar cu c\u00e2teva agrafe. Agrafele pot fi \u0219i pentru a accesoriza p\u0103rul, pentru a ob\u021bine o coafur\u0103 mai spectaculoas\u0103.<\/span><b>\u00a0<\/b><\/p>\n\n\t\t<style type=\"text\/css\">\n\t\t\t#gallery-23 {\n\t\t\t\tmargin: auto;\n\t\t\t}\n\t\t\t#gallery-23 .gallery-item {\n\t\t\t\tfloat: left;\n\t\t\t\tmargin-top: 10px;\n\t\t\t\ttext-align: center;\n\t\t\t\twidth: 100%;\n\t\t\t}\n\t\t\t#gallery-23 img {\n\t\t\t\tborder: 2px solid #cfcfcf;\n\t\t\t}\n\t\t\t#gallery-23 .gallery-caption {\n\t\t\t\tmargin-left: 0;\n\t\t\t}\n\t\t\t\/* see gallery_shortcode() in wp-includes\/media.php *\/\n\t\t<\/style>\n\t\t<div id='gallery-23' class='gallery galleryid-2004 gallery-columns-1 gallery-size-full'><dl class='gallery-item'>\n\t\t\t<dt class='gallery-icon portrait'>\n\t\t\t\t<img decoding=\"async\" width=\"1200\" height=\"1600\" src=\"https:\/\/salonmanifest.ro\/wp-content\/uploads\/2021\/04\/SmokyCoc-1.jpeg\" class=\"attachment-full size-full\" alt=\"\" srcset=\"https:\/\/salonmanifest.ro\/wp-content\/uploads\/2021\/04\/SmokyCoc-1.jpeg 1200w, https:\/\/salonmanifest.ro\/wp-content\/uploads\/2021\/04\/SmokyCoc-1-980x1307.jpeg 980w, https:\/\/salonmanifest.ro\/wp-content\/uploads\/2021\/04\/SmokyCoc-1-480x640.jpeg 480w\" sizes=\"(min-width: 0px) and (max-width: 480px) 480px, (min-width: 481px) and (max-width: 980px) 980px, (min-width: 981px) 1200px, 100vw\" \/>\n\t\t\t<\/dt><\/dl><br style=\"clear: both\" \/>\n\t\t<\/div>\n\n<h3><span style=\"font-weight: 400;\">Cocul prins la spate<\/span><\/h3>\n<p><span style=\"font-weight: 400;\">Cocul prins la spate va ilumina \u00een mod inevitabil chipul, fie c\u0103 optezi s\u0103-l prinzi lipit de scalp sau s\u0103-l p\u0103strezi mai voluminos. Pentru p\u0103rul mediu, cocul prins la spate \u00eensemn\u0103 minimalist, sofisticat, natural \u0219i are puterea de a tranforma o \u021binut\u0103 mai casual \u00een una mai elegant\u0103. Accentueaz\u0103 aceast\u0103 coafur\u0103 cu benti\u021be sau e\u0219arfe, iar succesul unei \u021binute unitare va fi garantat.<\/span><\/p>\n\n\t\t<style type=\"text\/css\">\n\t\t\t#gallery-24 {\n\t\t\t\tmargin: auto;\n\t\t\t}\n\t\t\t#gallery-24 .gallery-item {\n\t\t\t\tfloat: left;\n\t\t\t\tmargin-top: 10px;\n\t\t\t\ttext-align: center;\n\t\t\t\twidth: 100%;\n\t\t\t}\n\t\t\t#gallery-24 img {\n\t\t\t\tborder: 2px solid #cfcfcf;\n\t\t\t}\n\t\t\t#gallery-24 .gallery-caption {\n\t\t\t\tmargin-left: 0;\n\t\t\t}\n\t\t\t\/* see gallery_shortcode() in wp-includes\/media.php *\/\n\t\t<\/style>\n\t\t<div id='gallery-24' class='gallery galleryid-2004 gallery-columns-1 gallery-size-full'><dl class='gallery-item'>\n\t\t\t<dt class='gallery-icon landscape'>\n\t\t\t\t<img decoding=\"async\" width=\"1080\" height=\"1080\" src=\"https:\/\/salonmanifest.ro\/wp-content\/uploads\/2021\/04\/20200528_103250.jpg\" class=\"attachment-full size-full\" alt=\"\" srcset=\"https:\/\/salonmanifest.ro\/wp-content\/uploads\/2021\/04\/20200528_103250.jpg 1080w, https:\/\/salonmanifest.ro\/wp-content\/uploads\/2021\/04\/20200528_103250-980x980.jpg 980w, https:\/\/salonmanifest.ro\/wp-content\/uploads\/2021\/04\/20200528_103250-480x480.jpg 480w\" sizes=\"(min-width: 0px) and (max-width: 480px) 480px, (min-width: 481px) and (max-width: 980px) 980px, (min-width: 981px) 1080px, 100vw\" \/>\n\t\t\t<\/dt><\/dl><br style=\"clear: both\" \/>\n\t\t<\/div>\n\n<h3><span style=\"font-weight: 400;\">Cocul stil top knot<\/span><\/h3>\n<p><span style=\"font-weight: 400;\">Stilul de coc top knot este un coc tineresc, caracterizat de versatilitatea \u0219i rapiditatea cu care \u00eel po\u021bi ob\u021bine. Potrivit pentru orice textur\u0103 a p\u0103rului, cocul este plasat \u00een partea superioar\u0103 a capului \u0219i ascunde eventualele v\u00e2rfuri despicate sau firul de p\u0103r cu tendin\u021be de \u00eengr\u0103\u0219are. De asemenea, po\u021bi executa cocul de tip top knor doar pe jum\u0103tate din p\u0103r sau po\u021bi combina acest coc cu o \u00eempletitur\u0103 \u00een spic, pentru un look mai extravagant \u0219i \u00eendr\u0103zne\u021b.\u00a0<\/span><\/p>\n\n\t\t<style type=\"text\/css\">\n\t\t\t#gallery-25 {\n\t\t\t\tmargin: auto;\n\t\t\t}\n\t\t\t#gallery-25 .gallery-item {\n\t\t\t\tfloat: left;\n\t\t\t\tmargin-top: 10px;\n\t\t\t\ttext-align: center;\n\t\t\t\twidth: 100%;\n\t\t\t}\n\t\t\t#gallery-25 img {\n\t\t\t\tborder: 2px solid #cfcfcf;\n\t\t\t}\n\t\t\t#gallery-25 .gallery-caption {\n\t\t\t\tmargin-left: 0;\n\t\t\t}\n\t\t\t\/* see gallery_shortcode() in wp-includes\/media.php *\/\n\t\t<\/style>\n\t\t<div id='gallery-25' class='gallery galleryid-2004 gallery-columns-1 gallery-size-full'><dl class='gallery-item'>\n\t\t\t<dt class='gallery-icon portrait'>\n\t\t\t\t<img decoding=\"async\" width=\"1080\" height=\"1350\" src=\"https:\/\/salonmanifest.ro\/wp-content\/uploads\/2021\/04\/ligia.ghiulai_20210223_151507-1.jpg\" class=\"attachment-full size-full\" alt=\"\" srcset=\"https:\/\/salonmanifest.ro\/wp-content\/uploads\/2021\/04\/ligia.ghiulai_20210223_151507-1.jpg 1080w, https:\/\/salonmanifest.ro\/wp-content\/uploads\/2021\/04\/ligia.ghiulai_20210223_151507-1-980x1225.jpg 980w, https:\/\/salonmanifest.ro\/wp-content\/uploads\/2021\/04\/ligia.ghiulai_20210223_151507-1-480x600.jpg 480w\" sizes=\"(min-width: 0px) and (max-width: 480px) 480px, (min-width: 481px) and (max-width: 980px) 980px, (min-width: 981px) 1080px, 100vw\" \/>\n\t\t\t<\/dt><\/dl><br style=\"clear: both\" \/>\n\t\t<\/div>\n\n<h2><\/h2>\n<h2><span style=\"font-weight: 400;\">Idei de coafuri pentru parul mediu prins in coada<\/span><\/h2>\n<p><span style=\"font-weight: 400;\">Exist\u0103 diferite modalit\u0103\u021bi de prindere a p\u0103rului mediu \u00eentr-o coad\u0103, \u00een func\u021bie de rezultatul pe care dori\u021bi s\u0103-l ob\u021bine\u021bi. Un aspect sigur pe care o coad\u0103 \u00eel \u00eendepline\u0219te este eliberarea chipului, oferind luminozitate \u0219i claritate. C\u00e2teva idei pentru coafuri pentru p\u0103rul mediu ar fi: clasica coad\u0103 de cal, care devine chic odat\u0103 cu oferirea de volum p\u0103rului, coada prins\u0103 \u00een lateral\u0103 ce are \u00een precedent o \u00eempletitur\u0103, sau pute\u021bi \u00eencerca mai multe codi\u021be se \u00eencep din cre\u0219tetul capului \u0219i se reunesc \u00eentr-una spre final. Nu uita c\u0103 volumul este secretul pentru a avea o coad\u0103 reu\u0219it\u0103.<\/span><b>\u00a0<\/b><\/p>\n\n\t\t<style type=\"text\/css\">\n\t\t\t#gallery-26 {\n\t\t\t\tmargin: auto;\n\t\t\t}\n\t\t\t#gallery-26 .gallery-item {\n\t\t\t\tfloat: left;\n\t\t\t\tmargin-top: 10px;\n\t\t\t\ttext-align: center;\n\t\t\t\twidth: 100%;\n\t\t\t}\n\t\t\t#gallery-26 img {\n\t\t\t\tborder: 2px solid #cfcfcf;\n\t\t\t}\n\t\t\t#gallery-26 .gallery-caption {\n\t\t\t\tmargin-left: 0;\n\t\t\t}\n\t\t\t\/* see gallery_shortcode() in wp-includes\/media.php *\/\n\t\t<\/style>\n\t\t<div id='gallery-26' class='gallery galleryid-2004 gallery-columns-1 gallery-size-full'><dl class='gallery-item'>\n\t\t\t<dt class='gallery-icon landscape'>\n\t\t\t\t<img decoding=\"async\" width=\"1080\" height=\"1080\" src=\"https:\/\/salonmanifest.ro\/wp-content\/uploads\/2021\/04\/steffanungureanu_20210313_133655.jpg\" class=\"attachment-full size-full\" alt=\"\" srcset=\"https:\/\/salonmanifest.ro\/wp-content\/uploads\/2021\/04\/steffanungureanu_20210313_133655.jpg 1080w, https:\/\/salonmanifest.ro\/wp-content\/uploads\/2021\/04\/steffanungureanu_20210313_133655-980x980.jpg 980w, https:\/\/salonmanifest.ro\/wp-content\/uploads\/2021\/04\/steffanungureanu_20210313_133655-480x480.jpg 480w\" sizes=\"(min-width: 0px) and (max-width: 480px) 480px, (min-width: 481px) and (max-width: 980px) 980px, (min-width: 981px) 1080px, 100vw\" \/>\n\t\t\t<\/dt><\/dl><br style=\"clear: both\" \/>\n\t\t<\/div>\n\n<h2><span style=\"font-weight: 400;\">Tips&amp;tricks de accesorizare a parului mediu<\/span><\/h2>\n<p><span style=\"font-weight: 400;\">Accesoriile din p\u0103rul mediu pot fi factorul de schimbare a look-ului, transform\u00e2nd o coafur\u0103 monoton\u0103 \u00eentr-una stilat\u0103. Acestea sunt g\u0103site \u00een diferite forme, dimensiuni \u0219i culori. Integreaz\u0103 \u00een coafurile tale accesorii, precum agrafe, e\u0219arfe, benti\u021be, pentru a ad\u0103uga un factor chic \u0219i pentru a capta cu usurin\u021b\u0103 aten\u021bia asupra modului deosebit de stilizare a p\u0103rului.<\/span><\/p>\n<h3><span style=\"font-weight: 400;\">Coafuri pentru par mediu cu esarfa<\/span><\/h3>\n<p><span style=\"font-weight: 400;\">\u00cen p\u0103rul mediu, e\u0219arfele pot ad\u0103uga o not\u0103 de feminitate, de volatil, fiind o variant\u0103 excelent\u0103 pentru a condimenta un look comun. Astfel, accesoriza\u021bi cu e\u0219arfe din m\u0103tase, cocuri simple, u\u0219or ciufulite, sau lega\u021bi e\u0219arfa \u00een jurul capului pentru o apari\u021bie chic, al\u0103turi de bucle de tipul beach waves. O alt\u0103 combina\u021bie pentru a purta o e\u0219arf\u0103 este clasica coad\u0103 de cal, care va c\u0103pata un aspect mai sofisticat, care se va men\u021bine pe parcursul zilei.<\/span><\/p>\n\n\t\t<style type=\"text\/css\">\n\t\t\t#gallery-27 {\n\t\t\t\tmargin: auto;\n\t\t\t}\n\t\t\t#gallery-27 .gallery-item {\n\t\t\t\tfloat: left;\n\t\t\t\tmargin-top: 10px;\n\t\t\t\ttext-align: center;\n\t\t\t\twidth: 100%;\n\t\t\t}\n\t\t\t#gallery-27 img {\n\t\t\t\tborder: 2px solid #cfcfcf;\n\t\t\t}\n\t\t\t#gallery-27 .gallery-caption {\n\t\t\t\tmargin-left: 0;\n\t\t\t}\n\t\t\t\/* see gallery_shortcode() in wp-includes\/media.php *\/\n\t\t<\/style>\n\t\t<div id='gallery-27' class='gallery galleryid-2004 gallery-columns-1 gallery-size-full'><dl class='gallery-item'>\n\t\t\t<dt class='gallery-icon landscape'>\n\t\t\t\t<img decoding=\"async\" width=\"2048\" height=\"1367\" src=\"https:\/\/salonmanifest.ro\/wp-content\/uploads\/2021\/04\/13-2048x1367-1.jpg\" class=\"attachment-full size-full\" alt=\"\" srcset=\"https:\/\/salonmanifest.ro\/wp-content\/uploads\/2021\/04\/13-2048x1367-1.jpg 2048w, https:\/\/salonmanifest.ro\/wp-content\/uploads\/2021\/04\/13-2048x1367-1-1280x854.jpg 1280w, https:\/\/salonmanifest.ro\/wp-content\/uploads\/2021\/04\/13-2048x1367-1-980x654.jpg 980w, https:\/\/salonmanifest.ro\/wp-content\/uploads\/2021\/04\/13-2048x1367-1-480x320.jpg 480w\" sizes=\"(min-width: 0px) and (max-width: 480px) 480px, (min-width: 481px) and (max-width: 980px) 980px, (min-width: 981px) and (max-width: 1280px) 1280px, (min-width: 1281px) 2048px, 100vw\" \/>\n\t\t\t<\/dt><\/dl><br style=\"clear: both\" \/>\n\t\t<\/div>\n\n<h3><\/h3>\n<h3><span style=\"font-weight: 400;\">Coafuri pentru par mediu cu agrafe<\/span><\/h3>\n<p><span style=\"font-weight: 400;\">Agrafele de dimensiuni \u0219i culori diferite vor veni \u00een flatarea p\u0103rului de tip mediu, prin crearea unor puncte ce atras aten\u021bia privitorilor. Este recomandat s\u0103 folose\u0219ti un num\u0103r impar de agrafe pentru a ob\u021bine o compozi\u021bie echilibrat\u0103. De\u0219i agrafele au ca scop sus\u021binerea p\u0103rului, acum ele au \u0219i un scos estetic \u0219i pot fi plasate sub forma de benti\u021b\u0103, prinse simetric, sau \u00een lateral, form\u00e2nd diferite forme geometrice sau simboluri. Mai pute\u021bi ad\u0103uga agrafe dup\u0103 prinderea cocului, sub acesta, \u00een jurul acestuia sau \u00een \u00eempletituri.\u00a0<\/span><b>\u00a0<\/b><\/p>\n\n\t\t<style type=\"text\/css\">\n\t\t\t#gallery-28 {\n\t\t\t\tmargin: auto;\n\t\t\t}\n\t\t\t#gallery-28 .gallery-item {\n\t\t\t\tfloat: left;\n\t\t\t\tmargin-top: 10px;\n\t\t\t\ttext-align: center;\n\t\t\t\twidth: 100%;\n\t\t\t}\n\t\t\t#gallery-28 img {\n\t\t\t\tborder: 2px solid #cfcfcf;\n\t\t\t}\n\t\t\t#gallery-28 .gallery-caption {\n\t\t\t\tmargin-left: 0;\n\t\t\t}\n\t\t\t\/* see gallery_shortcode() in wp-includes\/media.php *\/\n\t\t<\/style>\n\t\t<div id='gallery-28' class='gallery galleryid-2004 gallery-columns-1 gallery-size-full'><dl class='gallery-item'>\n\t\t\t<dt class='gallery-icon portrait'>\n\t\t\t\t<img decoding=\"async\" width=\"1080\" height=\"1349\" src=\"https:\/\/salonmanifest.ro\/wp-content\/uploads\/2021\/04\/beeatricemiu_1618583086464824.jpg\" class=\"attachment-full size-full\" alt=\"\" srcset=\"https:\/\/salonmanifest.ro\/wp-content\/uploads\/2021\/04\/beeatricemiu_1618583086464824.jpg 1080w, https:\/\/salonmanifest.ro\/wp-content\/uploads\/2021\/04\/beeatricemiu_1618583086464824-980x1224.jpg 980w, https:\/\/salonmanifest.ro\/wp-content\/uploads\/2021\/04\/beeatricemiu_1618583086464824-480x600.jpg 480w\" sizes=\"(min-width: 0px) and (max-width: 480px) 480px, (min-width: 481px) and (max-width: 980px) 980px, (min-width: 981px) 1080px, 100vw\" \/>\n\t\t\t<\/dt><\/dl><br style=\"clear: both\" \/>\n\t\t<\/div>\n\n<h3><span style=\"font-weight: 400;\">Coafuri pentru par mediu cu bentite<\/span><\/h3>\n<p><span style=\"font-weight: 400;\">Ad\u0103ugarea unei benti\u021be \u00een coafurile pentru p\u0103rul mediu presupune ad\u0103ugarea unui plus de elegan\u021b\u0103, ce poate schimba aspectul ini\u021bial \u00een mod radical. Poart\u0103 bretonul piept\u0103nat pe o parte, cu c\u0103rare pe mijloc sau pe spate, apoi aplic\u0103 o benti\u021b\u0103 care s\u0103 vin\u0103 \u00een completarea \u021binutei tale, aceast\u0103 av\u00e2nd mai multe varian\u021bii \u2013 p\u00e2nz\u0103, metalic\u0103 sau \u00eempletit\u0103. Coafurile cu benti\u021b\u0103 sunt potrivite oric\u0103rei femei, indiferent de v\u00e2rst\u0103 sau evenimentul la care particip\u0103.<\/span><\/p>\n<h2><span style=\"font-weight: 400;\">Coafuri spectaculoase pentru parul mediu in functie de ocazie<\/span><\/h2>\n<p><span style=\"font-weight: 400;\">Fie c\u0103 \u00ee\u021bi place s\u0103-\u021bi pl\u0103nuie\u0219ti p\u00e2n\u0103 la cel mai mic detaliu evenimentele importante din via\u021b\u0103, fie c\u0103 te la\u0219i \u00eendrumat\u0103 de m\u00e2na exper\u021bilor, trebuie s\u0103 \u021bii cont de anumite principii care vor dicta tipul de coafur\u0103 aleas\u0103 pentru acestea. Alegerile pentru p\u0103rul t\u0103u vor fi influen\u021bate de ceea ce \u021bi se potrive\u0219te, ce te avantajeaz\u0103, care este starea de spirit predominant\u0103, machiajul \u0219i \u021binuta aleas\u0103 pentru eveniment.<\/span><\/p>\n<h3><span style=\"font-weight: 400;\">Idei de coafuri pentru par mediu potrivite ziua<\/span><\/h3>\n<p><span style=\"font-weight: 400;\">Coafurile pentru p\u0103r mediu ce sunt potrivite pentru timpul zilei se caracterizeaz\u0103 prin simplitate, rafinament \u0219i un efort considerabil mai mic depus pentru realizarea look-ului, fa\u021b\u0103 de cele pentru ocazii de sear\u0103. Astfel, opta\u021bi pentru \u00eempletituri, spic, coad\u0103 de pe\u0219te, stil olandez sau chiar cascad\u0103, ori cozi sau cocuri lejere, pozi\u021bionate spre ceaf\u0103. \u00ce\u021bi po\u021bi l\u0103sa \u0219i pentru liber, pe spate, accesorizat cu o e\u0219arf\u0103, care s\u0103-\u021bi vin\u0103 \u00een completarea outfitului.\u00a0<\/span><span style=\"font-weight: 400;\">\u00a0<\/span><\/p>\n\n\t\t<style type=\"text\/css\">\n\t\t\t#gallery-29 {\n\t\t\t\tmargin: auto;\n\t\t\t}\n\t\t\t#gallery-29 .gallery-item {\n\t\t\t\tfloat: left;\n\t\t\t\tmargin-top: 10px;\n\t\t\t\ttext-align: center;\n\t\t\t\twidth: 100%;\n\t\t\t}\n\t\t\t#gallery-29 img {\n\t\t\t\tborder: 2px solid #cfcfcf;\n\t\t\t}\n\t\t\t#gallery-29 .gallery-caption {\n\t\t\t\tmargin-left: 0;\n\t\t\t}\n\t\t\t\/* see gallery_shortcode() in wp-includes\/media.php *\/\n\t\t<\/style>\n\t\t<div id='gallery-29' class='gallery galleryid-2004 gallery-columns-1 gallery-size-full'><dl class='gallery-item'>\n\t\t\t<dt class='gallery-icon portrait'>\n\t\t\t\t<img decoding=\"async\" width=\"1080\" height=\"1350\" src=\"https:\/\/salonmanifest.ro\/wp-content\/uploads\/2021\/04\/alin.lev_1618583164942362-1.jpg\" class=\"attachment-full size-full\" alt=\"\" srcset=\"https:\/\/salonmanifest.ro\/wp-content\/uploads\/2021\/04\/alin.lev_1618583164942362-1.jpg 1080w, https:\/\/salonmanifest.ro\/wp-content\/uploads\/2021\/04\/alin.lev_1618583164942362-1-980x1225.jpg 980w, https:\/\/salonmanifest.ro\/wp-content\/uploads\/2021\/04\/alin.lev_1618583164942362-1-480x600.jpg 480w\" sizes=\"(min-width: 0px) and (max-width: 480px) 480px, (min-width: 481px) and (max-width: 980px) 980px, (min-width: 981px) 1080px, 100vw\" \/>\n\t\t\t<\/dt><\/dl><br style=\"clear: both\" \/>\n\t\t<\/div>\n\n<h3><span style=\"font-weight: 400;\">Coafuri pentru parul mediu potrivite seara<\/span><\/h3>\n<p><span style=\"font-weight: 400;\">Seara, momentul zilei care poate \u00eensemna relaxare, distrac\u021bie sau explorare, ofer\u0103 o posibilate larg\u0103 de stiluri \u0219i tehnici de coafare a p\u0103rului mediu. Pentru o cin\u0103 romantic\u0103 \u00eencearc\u0103 \u00eempletitura coroni\u021b\u0103, ce confer\u0103 rafimanet \u0219i jovialitate, sau bucle lejere, al\u0103turi de o pies\u0103 de detaliu care s\u0103 atrag\u0103 aten\u021bia, clame sau o fund\u0103 de catifea. O alt\u0103 variant\u0103 recomandat\u0103 este \u00eempletitura lateral\u0103 coad\u0103 de pe\u0219te, pentru un aspect \u00eengrijit \u0219i elaborat, care va completa orice look!<\/span><\/p>\n\n\t\t<style type=\"text\/css\">\n\t\t\t#gallery-30 {\n\t\t\t\tmargin: auto;\n\t\t\t}\n\t\t\t#gallery-30 .gallery-item {\n\t\t\t\tfloat: left;\n\t\t\t\tmargin-top: 10px;\n\t\t\t\ttext-align: center;\n\t\t\t\twidth: 100%;\n\t\t\t}\n\t\t\t#gallery-30 img {\n\t\t\t\tborder: 2px solid #cfcfcf;\n\t\t\t}\n\t\t\t#gallery-30 .gallery-caption {\n\t\t\t\tmargin-left: 0;\n\t\t\t}\n\t\t\t\/* see gallery_shortcode() in wp-includes\/media.php *\/\n\t\t<\/style>\n\t\t<div id='gallery-30' class='gallery galleryid-2004 gallery-columns-1 gallery-size-full'><dl class='gallery-item'>\n\t\t\t<dt class='gallery-icon portrait'>\n\t\t\t\t<img decoding=\"async\" width=\"779\" height=\"791\" src=\"https:\/\/salonmanifest.ro\/wp-content\/uploads\/2021\/04\/felidonoseofficial_1618412468529383-1.jpg\" class=\"attachment-full size-full\" alt=\"\" srcset=\"https:\/\/salonmanifest.ro\/wp-content\/uploads\/2021\/04\/felidonoseofficial_1618412468529383-1.jpg 779w, https:\/\/salonmanifest.ro\/wp-content\/uploads\/2021\/04\/felidonoseofficial_1618412468529383-1-480x487.jpg 480w\" sizes=\"(min-width: 0px) and (max-width: 480px) 480px, (min-width: 481px) 779px, 100vw\" \/>\n\t\t\t<\/dt><\/dl><br style=\"clear: both\" \/>\n\t\t<\/div>\n\n<h3><\/h3>\n<h3><span style=\"font-weight: 400;\">Coafuri pentru par mediu pentru botez<\/span><\/h3>\n<p><span style=\"font-weight: 400;\">\u00censemn\u0103tatea acestui eveniment este de necontest, implic\u00e2nd semnifica\u021bii emo\u021bionale, dar \u0219i religioase. Pentru ca totul s\u0103 fie corelat cu natura evenimentului, opta\u021bi pentru coafuri joviale, care s\u0103 exprime simplitate \u0219i posibil\u0103\u021bi de noi \u00eenceputuri, precum cozi sau cocuri care s\u0103-\u021bi descopere fa\u021ba, prinse \u00een partea superioar\u0103 a capului. Pute\u021bi veni cu accente metalice sau florale, care vor sus\u021bine \u00eentreaga crea\u021bie.<\/span><\/p>\n\n\t\t<style type=\"text\/css\">\n\t\t\t#gallery-31 {\n\t\t\t\tmargin: auto;\n\t\t\t}\n\t\t\t#gallery-31 .gallery-item {\n\t\t\t\tfloat: left;\n\t\t\t\tmargin-top: 10px;\n\t\t\t\ttext-align: center;\n\t\t\t\twidth: 100%;\n\t\t\t}\n\t\t\t#gallery-31 img {\n\t\t\t\tborder: 2px solid #cfcfcf;\n\t\t\t}\n\t\t\t#gallery-31 .gallery-caption {\n\t\t\t\tmargin-left: 0;\n\t\t\t}\n\t\t\t\/* see gallery_shortcode() in wp-includes\/media.php *\/\n\t\t<\/style>\n\t\t<div id='gallery-31' class='gallery galleryid-2004 gallery-columns-1 gallery-size-full'><dl class='gallery-item'>\n\t\t\t<dt class='gallery-icon portrait'>\n\t\t\t\t<img decoding=\"async\" width=\"1080\" height=\"1123\" src=\"https:\/\/salonmanifest.ro\/wp-content\/uploads\/2021\/04\/beeatricemiu_20210313_110926-1.jpg\" class=\"attachment-full size-full\" alt=\"\" srcset=\"https:\/\/salonmanifest.ro\/wp-content\/uploads\/2021\/04\/beeatricemiu_20210313_110926-1.jpg 1080w, https:\/\/salonmanifest.ro\/wp-content\/uploads\/2021\/04\/beeatricemiu_20210313_110926-1-980x1019.jpg 980w, https:\/\/salonmanifest.ro\/wp-content\/uploads\/2021\/04\/beeatricemiu_20210313_110926-1-480x499.jpg 480w\" sizes=\"(min-width: 0px) and (max-width: 480px) 480px, (min-width: 481px) and (max-width: 980px) 980px, (min-width: 981px) 1080px, 100vw\" \/>\n\t\t\t<\/dt><\/dl><br style=\"clear: both\" \/>\n\t\t<\/div>\n\n<h3><span style=\"font-weight: 400;\">Coafuri pentru parul mediu pentru nunta<\/span><\/h3>\n<p><span style=\"font-weight: 400;\">Fie c\u0103 ai un p\u0103r scurt, mediu sau lung, strategia pentru a ob\u021bine coafura perfect\u0103 dac\u0103 urmeaz\u0103 s\u0103 fii mireas\u0103 trebuie s\u0103 fie bine planificat\u0103, fiind un eveniment de foarte mare \u00eensemn\u0103tate.\u00a0<\/span><\/p>\n\n\t\t<style type=\"text\/css\">\n\t\t\t#gallery-32 {\n\t\t\t\tmargin: auto;\n\t\t\t}\n\t\t\t#gallery-32 .gallery-item {\n\t\t\t\tfloat: left;\n\t\t\t\tmargin-top: 10px;\n\t\t\t\ttext-align: center;\n\t\t\t\twidth: 100%;\n\t\t\t}\n\t\t\t#gallery-32 img {\n\t\t\t\tborder: 2px solid #cfcfcf;\n\t\t\t}\n\t\t\t#gallery-32 .gallery-caption {\n\t\t\t\tmargin-left: 0;\n\t\t\t}\n\t\t\t\/* see gallery_shortcode() in wp-includes\/media.php *\/\n\t\t<\/style>\n\t\t<div id='gallery-32' class='gallery galleryid-2004 gallery-columns-1 gallery-size-full'><dl class='gallery-item'>\n\t\t\t<dt class='gallery-icon portrait'>\n\t\t\t\t<img decoding=\"async\" width=\"1080\" height=\"1309\" src=\"https:\/\/salonmanifest.ro\/wp-content\/uploads\/2021\/04\/beeatricemiu_20210313_210351-2.jpg\" class=\"attachment-full size-full\" alt=\"\" srcset=\"https:\/\/salonmanifest.ro\/wp-content\/uploads\/2021\/04\/beeatricemiu_20210313_210351-2.jpg 1080w, https:\/\/salonmanifest.ro\/wp-content\/uploads\/2021\/04\/beeatricemiu_20210313_210351-2-980x1188.jpg 980w, https:\/\/salonmanifest.ro\/wp-content\/uploads\/2021\/04\/beeatricemiu_20210313_210351-2-480x582.jpg 480w\" sizes=\"(min-width: 0px) and (max-width: 480px) 480px, (min-width: 481px) and (max-width: 980px) 980px, (min-width: 981px) 1080px, 100vw\" \/>\n\t\t\t<\/dt><\/dl><br style=\"clear: both\" \/>\n\t\t<\/div>\n\n<p><span style=\"font-weight: 400;\">Dac\u0103 nu ai p\u0103rul lung, ci mediu, exist\u0103 un spectru larg de coafuri incredibile pentru nunta ta, care vor completa toate celelalte aspecte. Acestea pot fi: aranjamente asimetrice ale p\u0103rului, al\u0103turi de c\u00e2teva accesorii adecvate \u2013 cu flori, pietre pre\u021bioase, accente metaliece; bucle romantice \u0219i coroni\u021be elegante; \u00eempletituri \u00een cascad\u0103 sau \u00eentr-o parte, care ofer\u0103 un aspect glamour. Coafura pentru p\u0103rul mediu aleas\u0103 va complementa tr\u0103s\u0103turile fe\u021bei, va forma un tot unitar. Fie c\u0103 vorbim de coafuri simple par mediu, coafuri lejere par mediu, coafuri usoare par mediu, care s\u0103 se realizeze \u00een c\u00e2\u021biva pa\u0219i simpli, fie c\u0103 vorbim de coafuri elegante par mediu, coafuri impletite par mediu, coafuri bucle prinse par mediu, care necesit\u0103 o aten\u021bie sporit\u0103, putem aranja p\u0103rul mediu \u00een func\u021bie de eveniment \u0219i de look-ul final pe care vrem s\u0103 \u00eel avem.\u00a0<\/span><\/p>\n<h3><span style=\"font-weight: 400;\">Coafuri pentru parul mediu pentru banchet, majorat sau absolvire<\/span><\/h3>\n<p><span style=\"font-weight: 400;\">Aceste evenimente cer o coafur\u0103 a p\u0103rului mediu care s\u0103 scoat\u0103 \u00een eviden\u021b\u0103 persoana \u00een cauz\u0103, prin importan\u021ba evenimentului din via\u021ba unei adolescente. O bun\u0103 alegere de stilizare a p\u0103rului este ondularea acestuia, al\u0103turi de un breton pe o parte \u0219i o eventual\u0103 benti\u021b\u0103 care s\u0103 complimenteze accesoriile alese. Po\u021bi opta \u0219i pentru diferite stiluri de \u00eempletituri elegante \u0219i feminine, iar pentru un plus de volum trage pu\u021bin p\u0103rul din \u00eempletitur\u0103.<\/span><\/p>\n\n\t\t<style type=\"text\/css\">\n\t\t\t#gallery-33 {\n\t\t\t\tmargin: auto;\n\t\t\t}\n\t\t\t#gallery-33 .gallery-item {\n\t\t\t\tfloat: left;\n\t\t\t\tmargin-top: 10px;\n\t\t\t\ttext-align: center;\n\t\t\t\twidth: 100%;\n\t\t\t}\n\t\t\t#gallery-33 img {\n\t\t\t\tborder: 2px solid #cfcfcf;\n\t\t\t}\n\t\t\t#gallery-33 .gallery-caption {\n\t\t\t\tmargin-left: 0;\n\t\t\t}\n\t\t\t\/* see gallery_shortcode() in wp-includes\/media.php *\/\n\t\t<\/style>\n\t\t<div id='gallery-33' class='gallery galleryid-2004 gallery-columns-1 gallery-size-full'><dl class='gallery-item'>\n\t\t\t<dt class='gallery-icon portrait'>\n\t\t\t\t<img decoding=\"async\" width=\"1080\" height=\"1350\" src=\"https:\/\/salonmanifest.ro\/wp-content\/uploads\/2021\/04\/beeatricemiu_1618582987427174.jpg\" class=\"attachment-full size-full\" alt=\"\" srcset=\"https:\/\/salonmanifest.ro\/wp-content\/uploads\/2021\/04\/beeatricemiu_1618582987427174.jpg 1080w, https:\/\/salonmanifest.ro\/wp-content\/uploads\/2021\/04\/beeatricemiu_1618582987427174-980x1225.jpg 980w, https:\/\/salonmanifest.ro\/wp-content\/uploads\/2021\/04\/beeatricemiu_1618582987427174-480x600.jpg 480w\" sizes=\"(min-width: 0px) and (max-width: 480px) 480px, (min-width: 481px) and (max-width: 980px) 980px, (min-width: 981px) 1080px, 100vw\" \/>\n\t\t\t<\/dt><\/dl><br style=\"clear: both\" \/>\n\t\t<\/div>\n\n<h2><span style=\"font-weight: 400;\">Ce tipuri de coafuri recomanda profesionistii Man!fest pentru parul mediu?<\/span><\/h2>\n<p><span style=\"font-weight: 400;\">Pentru a ob\u021bine coafura dorit\u0103 pentru p\u0103rul mediu este recomandat s\u0103 ai grij\u0103 de p\u0103rul t\u0103u, prin urmarea c\u00e2torva pa\u0219i simpli, iar <\/span><b>aranjarea parului mediu<\/b><span style=\"font-weight: 400;\"> nu va fi ceva dificil. Ace\u0219tia sunt: \u0219amponarea, aplicarea balsamului, aplicarea m\u0103\u0219tilor. Nu uita s\u0103 \u00ee\u021bi desc\u00e2lce\u0219ti p\u0103rul \u00eenainte de sp\u0103lare, pentru a reduce riscul de rupere a firelor de p\u0103r. Un alt sfat de \u00eengrijire, la fel de important, este folosirea produselor necesare \u00eengrijirii tipului t\u0103u de p\u0103r, deoarece pentru nevoi diferite \u0219i vor aplica produse specifice.<\/span><\/p>\n\n\t\t<style type=\"text\/css\">\n\t\t\t#gallery-34 {\n\t\t\t\tmargin: auto;\n\t\t\t}\n\t\t\t#gallery-34 .gallery-item {\n\t\t\t\tfloat: left;\n\t\t\t\tmargin-top: 10px;\n\t\t\t\ttext-align: center;\n\t\t\t\twidth: 100%;\n\t\t\t}\n\t\t\t#gallery-34 img {\n\t\t\t\tborder: 2px solid #cfcfcf;\n\t\t\t}\n\t\t\t#gallery-34 .gallery-caption {\n\t\t\t\tmargin-left: 0;\n\t\t\t}\n\t\t\t\/* see gallery_shortcode() in wp-includes\/media.php *\/\n\t\t<\/style>\n\t\t<div id='gallery-34' class='gallery galleryid-2004 gallery-columns-1 gallery-size-full'><dl class='gallery-item'>\n\t\t\t<dt class='gallery-icon portrait'>\n\t\t\t\t<img decoding=\"async\" width=\"1367\" height=\"2048\" src=\"https:\/\/salonmanifest.ro\/wp-content\/uploads\/2021\/04\/2-1367x2048-1.jpg\" class=\"attachment-full size-full\" alt=\"\" srcset=\"https:\/\/salonmanifest.ro\/wp-content\/uploads\/2021\/04\/2-1367x2048-1.jpg 1367w, https:\/\/salonmanifest.ro\/wp-content\/uploads\/2021\/04\/2-1367x2048-1-1280x720.jpg 1280w, https:\/\/salonmanifest.ro\/wp-content\/uploads\/2021\/04\/2-1367x2048-1-980x551.jpg 980w, https:\/\/salonmanifest.ro\/wp-content\/uploads\/2021\/04\/2-1367x2048-1-480x270.jpg 480w\" sizes=\"(min-width: 0px) and (max-width: 480px) 480px, (min-width: 481px) and (max-width: 980px) 980px, (min-width: 981px) and (max-width: 1280px) 1280px, (min-width: 1281px) 1367px, 100vw\" \/>\n\t\t\t<\/dt><\/dl><br style=\"clear: both\" \/>\n\t\t<\/div>\n\n<p><span style=\"font-weight: 400;\">Recomand\u0103 \u00een ce prive\u0219te <\/span><b>coafuri par mediu<\/b><span style=\"font-weight: 400;\"> un plus de volum, iar pentru aceasta vor utiliza instrumentele potrivite pentru coafare, precum o perie de coafat rotund\u0103, de dimensiuni mari. O coafur\u0103 pentru p\u0103r mediu va ie\u0219i \u00een eviden\u021b\u0103 prin volumul pe care aceasta \u00eel are \u0219i care poate fi accentuat de o tapare la r\u0103d\u0103cine sau de c\u00e2teva agrafe decorative.<\/span><\/p>\n","protected":false},"excerpt":{"rendered":"<p>P\u0103rul mediu ofer\u0103 un aer de naturale\u021be oric\u0103rei femei, iar acesta poate fi \u00eentre\u021binut \u0219i stilizat cu u\u0219urin\u021b\u0103. Coafurile destinate p\u0103rului mediu se caracterizeaz\u0103 prin posibilitatea de a te reinventa, de a \u00eencerca diferite metode \u0219i styling-uri noi. Versatilitatea acestei lungimi a p\u0103rului, va fi ideal\u0103 pentru coafuri diferite de la o zi la alta, [&hellip;]<\/p>\n","protected":false},"author":2,"featured_media":2282,"comment_status":"closed","ping_status":"closed","sticky":false,"template":"","format":"standard","meta":{"_et_pb_use_builder":"","_et_pb_old_content":"","_et_gb_content_width":"","footnotes":""},"categories":[11,5],"tags":[],"class_list":["post-2004","post","type-post","status-publish","format-standard","has-post-thumbnail","hentry","category-coafuri-par-mediu","category-inspiratie"],"_links":{"self":[{"href":"https:\/\/salonmanifest.ro\/index.php?rest_route=\/wp\/v2\/posts\/2004","targetHints":{"allow":["GET"]}}],"collection":[{"href":"https:\/\/salonmanifest.ro\/index.php?rest_route=\/wp\/v2\/posts"}],"about":[{"href":"https:\/\/salonmanifest.ro\/index.php?rest_route=\/wp\/v2\/types\/post"}],"author":[{"embeddable":true,"href":"https:\/\/salonmanifest.ro\/index.php?rest_route=\/wp\/v2\/users\/2"}],"replies":[{"embeddable":true,"href":"https:\/\/salonmanifest.ro\/index.php?rest_route=%2Fwp%2Fv2%2Fcomments&post=2004"}],"version-history":[{"count":0,"href":"https:\/\/salonmanifest.ro\/index.php?rest_route=\/wp\/v2\/posts\/2004\/revisions"}],"wp:featuredmedia":[{"embeddable":true,"href":"https:\/\/salonmanifest.ro\/index.php?rest_route=\/wp\/v2\/media\/2282"}],"wp:attachment":[{"href":"https:\/\/salonmanifest.ro\/index.php?rest_route=%2Fwp%2Fv2%2Fmedia&parent=2004"}],"wp:term":[{"taxonomy":"category","embeddable":true,"href":"https:\/\/salonmanifest.ro\/index.php?rest_route=%2Fwp%2Fv2%2Fcategories&post=2004"},{"taxonomy":"post_tag","embeddable":true,"href":"https:\/\/salonmanifest.ro\/index.php?rest_route=%2Fwp%2Fv2%2Ftags&post=2004"}],"curies":[{"name":"wp","href":"https:\/\/api.w.org\/{rel}","templated":true}]}}