{"id":1865,"date":"2021-04-16T16:30:17","date_gmt":"2021-04-16T16:30:17","guid":{"rendered":"http:\/\/www.salonmanifest.ro\/?p=1865"},"modified":"2024-05-28T10:23:21","modified_gmt":"2024-05-28T10:23:21","slug":"tunsori-bob","status":"publish","type":"post","link":"https:\/\/salonmanifest.ro\/?p=1865","title":{"rendered":"Tuns bob. Tunsori bob recomandate de experti"},"content":{"rendered":"<p><span style=\"font-weight: 400;\">De mai bine de un secol tunsoarea bob a r\u0103sturnat principiile conform c\u0103reia doar un p\u0103r lung eman\u0103 elegan\u021b\u0103. \u00cen toate formele sale, bobul a ajuns rapid una dintre coafurile preferate de cele care \u00ee\u0219i doresc un permanen\u021b\u0103 un look clasic, elegant \u0219i feminin. Indiferent de tipul de bob pentru care optezi, coafura ta va vorbi mereu de la sine \u0219i va reu\u0219i s\u0103 scoat\u0103 din tine tot ce ai mai rafinat, romantic \u0219i feminin.\u00a0<\/span><\/p>\n\n\t\t<style type=\"text\/css\">\n\t\t\t#gallery-1 {\n\t\t\t\tmargin: auto;\n\t\t\t}\n\t\t\t#gallery-1 .gallery-item {\n\t\t\t\tfloat: left;\n\t\t\t\tmargin-top: 10px;\n\t\t\t\ttext-align: center;\n\t\t\t\twidth: 100%;\n\t\t\t}\n\t\t\t#gallery-1 img {\n\t\t\t\tborder: 2px solid #cfcfcf;\n\t\t\t}\n\t\t\t#gallery-1 .gallery-caption {\n\t\t\t\tmargin-left: 0;\n\t\t\t}\n\t\t\t\/* see gallery_shortcode() in wp-includes\/media.php *\/\n\t\t<\/style>\n\t\t<div id='gallery-1' class='gallery galleryid-1865 gallery-columns-1 gallery-size-full'><dl class='gallery-item'>\n\t\t\t<dt class='gallery-icon landscape'>\n\t\t\t\t<img decoding=\"async\" width=\"683\" height=\"683\" src=\"https:\/\/salonmanifest.ro\/wp-content\/uploads\/2024\/05\/20200315_110145.jpg\" class=\"attachment-full size-full\" alt=\"\" srcset=\"https:\/\/salonmanifest.ro\/wp-content\/uploads\/2024\/05\/20200315_110145.jpg 683w, https:\/\/salonmanifest.ro\/wp-content\/uploads\/2024\/05\/20200315_110145-480x480.jpg 480w\" sizes=\"(min-width: 0px) and (max-width: 480px) 480px, (min-width: 481px) 683px, 100vw\" \/>\n\t\t\t<\/dt><\/dl><br style=\"clear: both\" \/>\n\t\t<\/div>\n\n<p><span style=\"font-weight: 400;\">Bobul e o fuziune omogen\u0103 \u00eentre elegant \u0219i \u00eendr\u0103zne\u021b, romantic \u0219i juc\u0103u\u0219, curajos \u0219i timid \u00een acela\u0219i timp. Una dintre tunsorile care au trecut testul timpului, bobul va r\u0103m\u00e2ne mult timp de acum \u00eenainte un favorit pentru femeile care vor mai mult de la ele \u00eensele, pentru femeile care nu vor s\u0103 aleag\u0103 \u00eentre a fi elegante sau \u00eendr\u0103zne\u021be, pentru c\u0103 \u0219tiu c\u0103 pot fi \u0219i elegante \u0219i \u00eendr\u0103zne\u021be \u00een acela\u0219i timp.<\/span><\/p>\n<h2><b>Tipuri de tunsori bob<\/b><\/h2>\n<p><span style=\"font-weight: 400;\">De-a lungul timpului tunsoarea bob s-a ramificat \u00een mai multe categorii, astfel c\u0103 fiecare femeie s\u0103 poat\u0103 fi avantajat\u0103 de aceast\u0103 coafur\u0103, indiferent de preferin\u021bele pentru lungimea p\u0103rului, forma fe\u021bei sau tipul firului de p\u0103r.\u00a0<\/span><\/p>\n<h3><span style=\"font-weight: 400;\">Tunsori bob scurt<\/span><\/h3>\n<p><span style=\"font-weight: 400;\">Una dintre cele mai populare tunsori din toate timpurile, bobul <\/span><b>scurt<\/b><span style=\"font-weight: 400;\"> c\u00e2\u0219tig\u0103 teren atunci c\u00e2nd vorbim despre un look classy-chic, pe care \u00eel po\u021bi men\u021bine f\u0103r\u0103 prea mult efort. P\u0103r\u021bile frontale mai lungi dec\u00e2t spatele fac bobul scurt o coafur\u0103 elegant\u0103 \u0219i versatil\u0103, potrivit\u0103 oric\u0103rei v\u00e2rste. Bobul scurt avertizeaz\u0103 intrarea \u00een \u00eenc\u0103pere a unei femei care \u0219tie ce vrea \u0219i \u0219tie c\u0103 poate s\u0103 ob\u021bin\u0103 orice. Acest tip de coafur\u0103 e ideal \u0219i dac\u0103 vrei s\u0103 \u00eentinere\u0219ti cu c\u00e2\u021biva ani, iar dac\u0103 apelezi la un bob scurt neglijent vei c\u0103p\u0103ta un look jovial, tineresc, \u0219i vei ar\u0103ta impecabil f\u0103r\u0103 efort.<\/span><\/p>\n\n\t\t<style type=\"text\/css\">\n\t\t\t#gallery-2 {\n\t\t\t\tmargin: auto;\n\t\t\t}\n\t\t\t#gallery-2 .gallery-item {\n\t\t\t\tfloat: left;\n\t\t\t\tmargin-top: 10px;\n\t\t\t\ttext-align: center;\n\t\t\t\twidth: 100%;\n\t\t\t}\n\t\t\t#gallery-2 img {\n\t\t\t\tborder: 2px solid #cfcfcf;\n\t\t\t}\n\t\t\t#gallery-2 .gallery-caption {\n\t\t\t\tmargin-left: 0;\n\t\t\t}\n\t\t\t\/* see gallery_shortcode() in wp-includes\/media.php *\/\n\t\t<\/style>\n\t\t<div id='gallery-2' class='gallery galleryid-1865 gallery-columns-1 gallery-size-full'><dl class='gallery-item'>\n\t\t\t<dt class='gallery-icon landscape'>\n\t\t\t\t<img decoding=\"async\" width=\"900\" height=\"900\" src=\"https:\/\/salonmanifest.ro\/wp-content\/uploads\/2021\/04\/iuliantimisica_20210327_174448-1.jpg\" class=\"attachment-full size-full\" alt=\"\" srcset=\"https:\/\/salonmanifest.ro\/wp-content\/uploads\/2021\/04\/iuliantimisica_20210327_174448-1.jpg 900w, https:\/\/salonmanifest.ro\/wp-content\/uploads\/2021\/04\/iuliantimisica_20210327_174448-1-480x480.jpg 480w\" sizes=\"(min-width: 0px) and (max-width: 480px) 480px, (min-width: 481px) 900px, 100vw\" \/>\n\t\t\t<\/dt><\/dl><br style=\"clear: both\" \/>\n\t\t<\/div>\n\n<h3><span style=\"font-weight: 400;\">Tunsori bob lung (pentru par mediu)<\/span><\/h3>\n<p><span style=\"font-weight: 400;\">Dac\u0103 nu vrei s\u0103 optezi pentru un bob scurt de team\u0103 c\u0103 \u00ee\u021bi vor lipsi modurile \u00een care \u00ee\u021bi po\u021bi aranja p\u0103rul &#8211; cum ar fi un coc lejer sau o coad\u0103 -, bobul <\/span><b>lung<\/b><span style=\"font-weight: 400;\"> e ideal pentru tine. Destinat celor cu o lungime de p\u0103r medie, bobul lung e elegant, \u0219armant \u0219i func\u021bional: \u00eel po\u021bi purta ca atare, \u00eens\u0103 te po\u021bi \u0219i juca cu accesoriile \u0219i felurile \u00een care \u00eel po\u021bi aranja. Bobul lung func\u021bioneaz\u0103 perfect indiferent de v\u00e2rst\u0103, av\u00e2nd atributul frumuse\u021bii ob\u021binute prin simplitate; o tunsoare liniar\u0103, care curge fin \u00een aceia\u0219i direc\u021bie, duc\u00e2nd spre un tot unitar.\u00a0<\/span><\/p>\n\n\t\t<style type=\"text\/css\">\n\t\t\t#gallery-3 {\n\t\t\t\tmargin: auto;\n\t\t\t}\n\t\t\t#gallery-3 .gallery-item {\n\t\t\t\tfloat: left;\n\t\t\t\tmargin-top: 10px;\n\t\t\t\ttext-align: center;\n\t\t\t\twidth: 100%;\n\t\t\t}\n\t\t\t#gallery-3 img {\n\t\t\t\tborder: 2px solid #cfcfcf;\n\t\t\t}\n\t\t\t#gallery-3 .gallery-caption {\n\t\t\t\tmargin-left: 0;\n\t\t\t}\n\t\t\t\/* see gallery_shortcode() in wp-includes\/media.php *\/\n\t\t<\/style>\n\t\t<div id='gallery-3' class='gallery galleryid-1865 gallery-columns-1 gallery-size-full'><dl class='gallery-item'>\n\t\t\t<dt class='gallery-icon landscape'>\n\t\t\t\t<img decoding=\"async\" width=\"1080\" height=\"1080\" src=\"https:\/\/salonmanifest.ro\/wp-content\/uploads\/2021\/04\/iuliantimisica_20210313_204858-2.jpg\" class=\"attachment-full size-full\" alt=\"\" srcset=\"https:\/\/salonmanifest.ro\/wp-content\/uploads\/2021\/04\/iuliantimisica_20210313_204858-2.jpg 1080w, https:\/\/salonmanifest.ro\/wp-content\/uploads\/2021\/04\/iuliantimisica_20210313_204858-2-980x980.jpg 980w, https:\/\/salonmanifest.ro\/wp-content\/uploads\/2021\/04\/iuliantimisica_20210313_204858-2-480x480.jpg 480w\" sizes=\"(min-width: 0px) and (max-width: 480px) 480px, (min-width: 481px) and (max-width: 980px) 980px, (min-width: 981px) 1080px, 100vw\" \/>\n\t\t\t<\/dt><\/dl><br style=\"clear: both\" \/>\n\t\t<\/div>\n\n<h3><span style=\"font-weight: 400;\">Bob in scari sau in straturi (messy bob)<\/span><\/h3>\n<p><span style=\"font-weight: 400;\">Bobul<\/span><b> \u00een sc\u0103ri<\/b><span style=\"font-weight: 400;\"> (sau \u00een straturi, cunoscut \u0219i ca messy bob) e varianta pentru care ar trebui s\u0103 optezi dac\u0103 e\u0219ti \u00een c\u0103utarea unei coafuri care s\u0103 te fac\u0103 s\u0103 te sim\u021bi cu adev\u0103rat \u00eendr\u0103znea\u021b\u0103. Dac\u0103 \u00ee\u021bi dore\u0219ti un impuls pentru a scoate la iveal\u0103 latura tinereasc\u0103, \u00eendr\u0103znea\u021b\u0103, ba chiar rebel\u0103, bobul \u00een sc\u0103ri e varianta ideal\u0103 pentru tine. O coafur\u0103 u\u0219or de \u00eentre\u021binut, care \u00ee\u021bi va oferi un look messy \u0219i totu\u0219i extrem de bine pus la punct. Bobul messy e dovada perfect\u0103 c\u0103 nu trebuie s\u0103 petreci ore \u00een \u0219ir aranj\u00e2ndu-\u021bi p\u0103rul, pentru c\u0103 el va ar\u0103ta mereu bine \u0219i \u00ee\u021bi va reda \u00een orice moment al zilei \u00eencrederea \u00een tine.\u00a0<\/span><\/p>\n\n\t\t<style type=\"text\/css\">\n\t\t\t#gallery-4 {\n\t\t\t\tmargin: auto;\n\t\t\t}\n\t\t\t#gallery-4 .gallery-item {\n\t\t\t\tfloat: left;\n\t\t\t\tmargin-top: 10px;\n\t\t\t\ttext-align: center;\n\t\t\t\twidth: 100%;\n\t\t\t}\n\t\t\t#gallery-4 img {\n\t\t\t\tborder: 2px solid #cfcfcf;\n\t\t\t}\n\t\t\t#gallery-4 .gallery-caption {\n\t\t\t\tmargin-left: 0;\n\t\t\t}\n\t\t\t\/* see gallery_shortcode() in wp-includes\/media.php *\/\n\t\t<\/style>\n\t\t<div id='gallery-4' class='gallery galleryid-1865 gallery-columns-1 gallery-size-full'><dl class='gallery-item'>\n\t\t\t<dt class='gallery-icon portrait'>\n\t\t\t\t<img decoding=\"async\" width=\"768\" height=\"960\" src=\"https:\/\/salonmanifest.ro\/wp-content\/uploads\/2021\/04\/daniel.putineanu_20210313_204039-1.jpg\" class=\"attachment-full size-full\" alt=\"\" srcset=\"https:\/\/salonmanifest.ro\/wp-content\/uploads\/2021\/04\/daniel.putineanu_20210313_204039-1.jpg 768w, https:\/\/salonmanifest.ro\/wp-content\/uploads\/2021\/04\/daniel.putineanu_20210313_204039-1-480x600.jpg 480w\" sizes=\"(min-width: 0px) and (max-width: 480px) 480px, (min-width: 481px) 768px, 100vw\" \/>\n\t\t\t<\/dt><\/dl><br style=\"clear: both\" \/>\n\t\t<\/div>\n\n<h3><span style=\"font-weight: 400;\">Bob cu breton\u00a0<\/span><\/h3>\n<p><span style=\"font-weight: 400;\">Bobul <\/span><b>cu breton<\/b><span style=\"font-weight: 400;\"> e una dintre cele mai \u00eendr\u0103zne\u021be (\u0219i totu\u0219i clasice) coafuri; ob\u021bii un echilibru perfect \u00eentre feminitate \u0219i putere, \u00eentre jovialitate \u0219i seriozitate. Bretonul nu doar c\u0103 \u00ee\u021bi poate schimba \u00eentregul look, \u00eens\u0103 \u00ee\u021bi poate modifica vizual \u0219i fizionomia fe\u021bei, \u00een func\u021bie de dimensiunea sa. Indiferent de tipul de tunosoare bob pentru care optezi, bretonul nu va face dec\u00e2t s\u0103 \u00eei adauge acel<\/span><i><span style=\"font-weight: 400;\"> je ne sais quoi<\/span><\/i><span style=\"font-weight: 400;\"> care s\u0103 \u00ee\u021bi transforme \u00eentregul look, fiind o variant\u0103 care arat\u0103 bine pe majoritatea fizionomiilor \u0219i care cu siguran\u021b\u0103 complimenteaz\u0103 orice femeie, indiferent de v\u00e2rst\u0103.<\/span><\/p>\n\n\t\t<style type=\"text\/css\">\n\t\t\t#gallery-5 {\n\t\t\t\tmargin: auto;\n\t\t\t}\n\t\t\t#gallery-5 .gallery-item {\n\t\t\t\tfloat: left;\n\t\t\t\tmargin-top: 10px;\n\t\t\t\ttext-align: center;\n\t\t\t\twidth: 100%;\n\t\t\t}\n\t\t\t#gallery-5 img {\n\t\t\t\tborder: 2px solid #cfcfcf;\n\t\t\t}\n\t\t\t#gallery-5 .gallery-caption {\n\t\t\t\tmargin-left: 0;\n\t\t\t}\n\t\t\t\/* see gallery_shortcode() in wp-includes\/media.php *\/\n\t\t<\/style>\n\t\t<div id='gallery-5' class='gallery galleryid-1865 gallery-columns-1 gallery-size-full'><dl class='gallery-item'>\n\t\t\t<dt class='gallery-icon portrait'>\n\t\t\t\t<img decoding=\"async\" width=\"1200\" height=\"1600\" src=\"https:\/\/salonmanifest.ro\/wp-content\/uploads\/2021\/04\/IMG-20210215-WA0002-1.jpg\" class=\"attachment-full size-full\" alt=\"\" srcset=\"https:\/\/salonmanifest.ro\/wp-content\/uploads\/2021\/04\/IMG-20210215-WA0002-1.jpg 1200w, https:\/\/salonmanifest.ro\/wp-content\/uploads\/2021\/04\/IMG-20210215-WA0002-1-980x1307.jpg 980w, https:\/\/salonmanifest.ro\/wp-content\/uploads\/2021\/04\/IMG-20210215-WA0002-1-480x640.jpg 480w\" sizes=\"(min-width: 0px) and (max-width: 480px) 480px, (min-width: 481px) and (max-width: 980px) 980px, (min-width: 981px) 1200px, 100vw\" \/>\n\t\t\t<\/dt><\/dl><br style=\"clear: both\" \/>\n\t\t<\/div>\n\n<h3><span style=\"font-weight: 400;\">Bob inversat<\/span><\/h3>\n<p><span style=\"font-weight: 400;\">Bobul <\/span><b>inversat<\/b><span style=\"font-weight: 400;\"> &#8211; tunsoarea cu p\u0103r mai scurt \u00een spate \u0219i mai lung \u00een fa\u021b\u0103 &#8211; a devenit una dintre cele mai populare coafuri \u00een ultima vreme \u0219i este defini\u021bia modernului.\u00a0 Acest tip de bob \u00eembrac\u0103 perfect femeia ultra-modern\u0103, care vrea mereu mai mult de la ea, femeia care \u0219tie cum s\u0103-\u0219i poarte p\u0103rul ca pe o extensie a ei care o face \u0219i mai frumoas\u0103 \u0219i \u00eencrez\u0103toare \u00een sine. Ideal pentru orice v\u00e2rst\u0103 \u0219i textur\u0103 a firului de p\u0103r,, bobul inversat duce la ideea de glamour \u0219i extravagan\u021b\u0103.\u00a0<\/span><\/p>\n\n\t\t<style type=\"text\/css\">\n\t\t\t#gallery-6 {\n\t\t\t\tmargin: auto;\n\t\t\t}\n\t\t\t#gallery-6 .gallery-item {\n\t\t\t\tfloat: left;\n\t\t\t\tmargin-top: 10px;\n\t\t\t\ttext-align: center;\n\t\t\t\twidth: 100%;\n\t\t\t}\n\t\t\t#gallery-6 img {\n\t\t\t\tborder: 2px solid #cfcfcf;\n\t\t\t}\n\t\t\t#gallery-6 .gallery-caption {\n\t\t\t\tmargin-left: 0;\n\t\t\t}\n\t\t\t\/* see gallery_shortcode() in wp-includes\/media.php *\/\n\t\t<\/style>\n\t\t<div id='gallery-6' class='gallery galleryid-1865 gallery-columns-1 gallery-size-full'><dl class='gallery-item'>\n\t\t\t<dt class='gallery-icon landscape'>\n\t\t\t\t<img decoding=\"async\" width=\"768\" height=\"768\" src=\"https:\/\/salonmanifest.ro\/wp-content\/uploads\/2021\/04\/daniel.putineanu_1618582632516184-2.jpg\" class=\"attachment-full size-full\" alt=\"\" srcset=\"https:\/\/salonmanifest.ro\/wp-content\/uploads\/2021\/04\/daniel.putineanu_1618582632516184-2.jpg 768w, https:\/\/salonmanifest.ro\/wp-content\/uploads\/2021\/04\/daniel.putineanu_1618582632516184-2-480x480.jpg 480w\" sizes=\"(min-width: 0px) and (max-width: 480px) 480px, (min-width: 481px) 768px, 100vw\" \/>\n\t\t\t<\/dt><\/dl><br style=\"clear: both\" \/>\n\t\t<\/div>\n\n<h3><span style=\"font-weight: 400;\">Bob asimetric<\/span><\/h3>\n<p><span style=\"font-weight: 400;\">Dac\u0103 alegi un bob <\/span><b>asimetric<\/b><span style=\"font-weight: 400;\">, alegi schimbarea \u00een totalitate, fiind una dintre coafurile care schimb\u0103 complet felul \u00een care ar\u0103\u021bi \u0219i te sim\u021bi. Lungimile din fa\u021b\u0103 ale p\u0103rului sunt inegale \u0219i \u00ee\u021bi transform\u0103 \u00eentregul chip, \u00eencadr\u00e2ndu-l dup\u0103 bunul t\u0103u plac: po\u021bi fi fie clasic\u0103 \u0219i elegant\u0103, fie <\/span><i><span style=\"font-weight: 400;\">edgy<\/span><\/i><span style=\"font-weight: 400;\"> \u0219i \u00eendr\u0103znea\u021b\u0103. Bobul asimetric e o coafur\u0103 versatil\u0103 \u0219i preferat\u0103 \u00eendeosebi de cele care vor s\u0103 scad\u0103 c\u00e2\u021biva ani din palmares, pentru c\u0103 acest tip de tunsoare te \u00eentinere\u0219te fix at\u00e2t c\u00e2t \u00ee\u021bi dore\u0219ti.\u00a0<\/span><\/p>\n\n\t\t<style type=\"text\/css\">\n\t\t\t#gallery-7 {\n\t\t\t\tmargin: auto;\n\t\t\t}\n\t\t\t#gallery-7 .gallery-item {\n\t\t\t\tfloat: left;\n\t\t\t\tmargin-top: 10px;\n\t\t\t\ttext-align: center;\n\t\t\t\twidth: 100%;\n\t\t\t}\n\t\t\t#gallery-7 img {\n\t\t\t\tborder: 2px solid #cfcfcf;\n\t\t\t}\n\t\t\t#gallery-7 .gallery-caption {\n\t\t\t\tmargin-left: 0;\n\t\t\t}\n\t\t\t\/* see gallery_shortcode() in wp-includes\/media.php *\/\n\t\t<\/style>\n\t\t<div id='gallery-7' class='gallery galleryid-1865 gallery-columns-1 gallery-size-full'><dl class='gallery-item'>\n\t\t\t<dt class='gallery-icon portrait'>\n\t\t\t\t<img decoding=\"async\" width=\"1080\" height=\"1251\" src=\"https:\/\/salonmanifest.ro\/wp-content\/uploads\/2021\/04\/iuliantimisica_20210313_213743-1-1.jpg\" class=\"attachment-full size-full\" alt=\"\" srcset=\"https:\/\/salonmanifest.ro\/wp-content\/uploads\/2021\/04\/iuliantimisica_20210313_213743-1-1.jpg 1080w, https:\/\/salonmanifest.ro\/wp-content\/uploads\/2021\/04\/iuliantimisica_20210313_213743-1-1-980x1135.jpg 980w, https:\/\/salonmanifest.ro\/wp-content\/uploads\/2021\/04\/iuliantimisica_20210313_213743-1-1-480x556.jpg 480w\" sizes=\"(min-width: 0px) and (max-width: 480px) 480px, (min-width: 481px) and (max-width: 980px) 980px, (min-width: 981px) 1080px, 100vw\" \/>\n\t\t\t<\/dt><\/dl><br style=\"clear: both\" \/>\n\t\t<\/div>\n\n<h2><b>Cum aleg tunsoarea bob in functie de forma fetei<\/b><\/h2>\n<p><span style=\"font-weight: 400;\">Oric\u00e2t de mult ne-am dori, nu toate tunsorile ni se potrivesc, pentru c\u0103 apar la mijloc mai multe variabile, cum ar fi forma fe\u021bei. Cu toate acestea, tunsoarea bob e o tunsoare pentru toat\u0103 lumea &#8211; ea va fi adaptat\u0103 pentru a \u021bi se potrivi la perfec\u021bie, indiferent dac\u0103 fa\u021ba ta e rotund\u0103, p\u0103trat\u0103 sau oval\u0103. Bobul ales corespunz\u0103tor \u00eencadreaz\u0103 orice chip, la fel cum fiecare tablou are nevoie de rama potrivit\u0103 pentru a deveni capodoper\u0103.<\/span><\/p>\n<h3><span style=\"font-weight: 400;\">Tunsori bob pentru fata rotunda\u00a0<\/span><\/h3>\n<p><span style=\"font-weight: 400;\">Chipul <\/span><b>rotund<\/b><span style=\"font-weight: 400;\"> este unul echilibrat, unde propor\u021biile sunt simetrice \u0219i aproape egale. S-ar putea s\u0103 \u00ee\u021bi dore\u0219ti ca fa\u021ba ta s\u0103 se alungeasc\u0103 pu\u021bin, iar bobul lung e perfect pentru tine. \u00ce\u021bi ofer\u0103 volumul la care aspiri \u00een partea de jos, iar dac\u0103 optezi pentru bucle lejere vei pune accent pe maxilar \u0219i&#8230;\u021bi s-a schimbat deja toat\u0103 fizionomia! Pentru tipul t\u0103u de fa\u021b\u0103 c\u0103rarea pe mijloc este varianta care \u00ee\u021bi va accentua \u0219i mai mult frumuse\u021bea natural\u0103.<\/span><\/p>\n\n\t\t<style type=\"text\/css\">\n\t\t\t#gallery-8 {\n\t\t\t\tmargin: auto;\n\t\t\t}\n\t\t\t#gallery-8 .gallery-item {\n\t\t\t\tfloat: left;\n\t\t\t\tmargin-top: 10px;\n\t\t\t\ttext-align: center;\n\t\t\t\twidth: 100%;\n\t\t\t}\n\t\t\t#gallery-8 img {\n\t\t\t\tborder: 2px solid #cfcfcf;\n\t\t\t}\n\t\t\t#gallery-8 .gallery-caption {\n\t\t\t\tmargin-left: 0;\n\t\t\t}\n\t\t\t\/* see gallery_shortcode() in wp-includes\/media.php *\/\n\t\t<\/style>\n\t\t<div id='gallery-8' class='gallery galleryid-1865 gallery-columns-1 gallery-size-full'><dl class='gallery-item'>\n\t\t\t<dt class='gallery-icon landscape'>\n\t\t\t\t<img decoding=\"async\" width=\"768\" height=\"768\" src=\"https:\/\/salonmanifest.ro\/wp-content\/uploads\/2021\/04\/daniel.putineanu_1618583348542158-1.jpg\" class=\"attachment-full size-full\" alt=\"\" srcset=\"https:\/\/salonmanifest.ro\/wp-content\/uploads\/2021\/04\/daniel.putineanu_1618583348542158-1.jpg 768w, https:\/\/salonmanifest.ro\/wp-content\/uploads\/2021\/04\/daniel.putineanu_1618583348542158-1-480x480.jpg 480w\" sizes=\"(min-width: 0px) and (max-width: 480px) 480px, (min-width: 481px) 768px, 100vw\" \/>\n\t\t\t<\/dt><\/dl><br style=\"clear: both\" \/>\n\t\t<\/div>\n\n<h3><span style=\"font-weight: 400;\">Tunsori bob pentru fata patrata<\/span><\/h3>\n<p><span style=\"font-weight: 400;\">Fa\u021ba <\/span><b>p\u0103trat\u0103<\/b><span style=\"font-weight: 400;\"> e caracterizat\u0103 de tr\u0103s\u0103turi nedefinite la nivelul pome\u021bilor, \u00eens\u0103 un maxilar \u0219i o frunte proeminent\u0103. Emani putere \u0219i \u00eencredere \u00een sine, \u00eens\u0103 dac\u0103 vrei s\u0103 \u00ee\u021bi \u00eendulce\u0219ti tr\u0103s\u0103turile, tunsoarea bobul scurt sau asimetric sunt op\u021biunile perfecte pentru tine. Orice look messy te va face s\u0103 ar\u0103\u021bi fix a\u0219a cum ai visat, iar dac\u0103 iei \u00een calcul \u0219i un breton neglijent, rezultatele vor fi pe m\u0103sura a\u0219tept\u0103rilor.<\/span><\/p>\n\n\t\t<style type=\"text\/css\">\n\t\t\t#gallery-9 {\n\t\t\t\tmargin: auto;\n\t\t\t}\n\t\t\t#gallery-9 .gallery-item {\n\t\t\t\tfloat: left;\n\t\t\t\tmargin-top: 10px;\n\t\t\t\ttext-align: center;\n\t\t\t\twidth: 100%;\n\t\t\t}\n\t\t\t#gallery-9 img {\n\t\t\t\tborder: 2px solid #cfcfcf;\n\t\t\t}\n\t\t\t#gallery-9 .gallery-caption {\n\t\t\t\tmargin-left: 0;\n\t\t\t}\n\t\t\t\/* see gallery_shortcode() in wp-includes\/media.php *\/\n\t\t<\/style>\n\t\t<div id='gallery-9' class='gallery galleryid-1865 gallery-columns-1 gallery-size-full'><dl class='gallery-item'>\n\t\t\t<dt class='gallery-icon portrait'>\n\t\t\t\t<img decoding=\"async\" width=\"1080\" height=\"1247\" src=\"https:\/\/salonmanifest.ro\/wp-content\/uploads\/2021\/04\/iuliantimisica_1618582405893157-1.jpg\" class=\"attachment-full size-full\" alt=\"\" srcset=\"https:\/\/salonmanifest.ro\/wp-content\/uploads\/2021\/04\/iuliantimisica_1618582405893157-1.jpg 1080w, https:\/\/salonmanifest.ro\/wp-content\/uploads\/2021\/04\/iuliantimisica_1618582405893157-1-980x1132.jpg 980w, https:\/\/salonmanifest.ro\/wp-content\/uploads\/2021\/04\/iuliantimisica_1618582405893157-1-480x554.jpg 480w\" sizes=\"(min-width: 0px) and (max-width: 480px) 480px, (min-width: 481px) and (max-width: 980px) 980px, (min-width: 981px) 1080px, 100vw\" \/>\n\t\t\t<\/dt><\/dl><br style=\"clear: both\" \/>\n\t\t<\/div>\n\n<h3><span style=\"font-weight: 400;\">Tunsori bob pentru fata ovala\u00a0<\/span><\/h3>\n<p><span style=\"font-weight: 400;\">Chipul <\/span><b>oval<\/b><span style=\"font-weight: 400;\"> e cel mai u\u0219or de completat, pentru c\u0103 indiferent de tunsoarea pe care o vei alege, \u021bi se va potrivi. Totu\u0219i, cel mai frumos \u00ee\u021bi va scoate \u00een eviden\u021b\u0103 tr\u0103s\u0103turile bobul scurt, pe care \u00eel po\u021bi l\u0103sa s\u0103 se aranjeze natural, s\u0103 capete acel aspect messy. Bobul asimetric \u00ee\u021bi va \u00eencadra la fel de bine fa\u021ba \u0219i ce trebuie s\u0103 evi\u021bi sunt liniile mult prea drepte, angulare, precise, pentru c\u0103 fur\u0103 din delicate\u021bea pe care o emani cu ajutorul tunsorii.<\/span><\/p>\n\n\t\t<style type=\"text\/css\">\n\t\t\t#gallery-10 {\n\t\t\t\tmargin: auto;\n\t\t\t}\n\t\t\t#gallery-10 .gallery-item {\n\t\t\t\tfloat: left;\n\t\t\t\tmargin-top: 10px;\n\t\t\t\ttext-align: center;\n\t\t\t\twidth: 100%;\n\t\t\t}\n\t\t\t#gallery-10 img {\n\t\t\t\tborder: 2px solid #cfcfcf;\n\t\t\t}\n\t\t\t#gallery-10 .gallery-caption {\n\t\t\t\tmargin-left: 0;\n\t\t\t}\n\t\t\t\/* see gallery_shortcode() in wp-includes\/media.php *\/\n\t\t<\/style>\n\t\t<div id='gallery-10' class='gallery galleryid-1865 gallery-columns-1 gallery-size-full'><dl class='gallery-item'>\n\t\t\t<dt class='gallery-icon landscape'>\n\t\t\t\t<img decoding=\"async\" width=\"1080\" height=\"1080\" src=\"https:\/\/salonmanifest.ro\/wp-content\/uploads\/2021\/04\/iuliantimisica_20210327_174441-6.jpg\" class=\"attachment-full size-full\" alt=\"\" srcset=\"https:\/\/salonmanifest.ro\/wp-content\/uploads\/2021\/04\/iuliantimisica_20210327_174441-6.jpg 1080w, https:\/\/salonmanifest.ro\/wp-content\/uploads\/2021\/04\/iuliantimisica_20210327_174441-6-980x980.jpg 980w, https:\/\/salonmanifest.ro\/wp-content\/uploads\/2021\/04\/iuliantimisica_20210327_174441-6-480x480.jpg 480w\" sizes=\"(min-width: 0px) and (max-width: 480px) 480px, (min-width: 481px) and (max-width: 980px) 980px, (min-width: 981px) 1080px, 100vw\" \/>\n\t\t\t<\/dt><\/dl><br style=\"clear: both\" \/>\n\t\t<\/div>\n\n<h2><b>Cum aleg tunsoarea bob in functie de tipul de par<\/b><\/h2>\n<p><span style=\"font-weight: 400;\">Deja ai asupra ta tot ce e nevoie pentru a fi fermec\u0103toare, \u00eens\u0103 toate atributele tale pot fi accentuate prin alegerile corecte. Fie c\u0103 ai nevoie de volum, fie c\u0103 vrei s\u0103 \u00eel domole\u0219ti, o tunsoare bob potrivit\u0103 \u00ee\u021bi poate satisface toate dorin\u021bele.<\/span><\/p>\n<h3><span style=\"font-weight: 400;\">Tunsori bob pentru par subtire<\/span><\/h3>\n<p><span style=\"font-weight: 400;\">Chiar dac\u0103 p\u0103rul t\u0103u <\/span><b>nu e cel mai des<\/b><span style=\"font-weight: 400;\"> \u0219i plin de volum, cine spune c\u0103 nu ai voie s\u0103 p\u0103c\u0103le\u0219ti ochiul? \u0218i po\u021bi face asta subtil, \u0219i totu\u0219i de efect, cu ajutorul unui bob scurt sau asimetric. Cele dou\u0103 op\u021biuni ofer\u0103 instant iluzia unui p\u0103r mai voluminos \u0219i dens, \u00eens\u0103 po\u021bi accentua asta \u0219i mai mult cu ajutorul buclelor: dac\u0103 \u00ee\u021bi ondulezi p\u0103rul lejer, vei reu\u0219i s\u0103 creezi efectul de volum pe care \u021bi-l dore\u0219ti.<\/span><\/p>\n\n\t\t<style type=\"text\/css\">\n\t\t\t#gallery-11 {\n\t\t\t\tmargin: auto;\n\t\t\t}\n\t\t\t#gallery-11 .gallery-item {\n\t\t\t\tfloat: left;\n\t\t\t\tmargin-top: 10px;\n\t\t\t\ttext-align: center;\n\t\t\t\twidth: 100%;\n\t\t\t}\n\t\t\t#gallery-11 img {\n\t\t\t\tborder: 2px solid #cfcfcf;\n\t\t\t}\n\t\t\t#gallery-11 .gallery-caption {\n\t\t\t\tmargin-left: 0;\n\t\t\t}\n\t\t\t\/* see gallery_shortcode() in wp-includes\/media.php *\/\n\t\t<\/style>\n\t\t<div id='gallery-11' class='gallery galleryid-1865 gallery-columns-1 gallery-size-full'><dl class='gallery-item'>\n\t\t\t<dt class='gallery-icon landscape'>\n\t\t\t\t<img decoding=\"async\" width=\"1080\" height=\"1080\" src=\"https:\/\/salonmanifest.ro\/wp-content\/uploads\/2021\/04\/sarualexandra_20210318_110113-3.jpg\" class=\"attachment-full size-full\" alt=\"\" srcset=\"https:\/\/salonmanifest.ro\/wp-content\/uploads\/2021\/04\/sarualexandra_20210318_110113-3.jpg 1080w, https:\/\/salonmanifest.ro\/wp-content\/uploads\/2021\/04\/sarualexandra_20210318_110113-3-980x980.jpg 980w, https:\/\/salonmanifest.ro\/wp-content\/uploads\/2021\/04\/sarualexandra_20210318_110113-3-480x480.jpg 480w\" sizes=\"(min-width: 0px) and (max-width: 480px) 480px, (min-width: 481px) and (max-width: 980px) 980px, (min-width: 981px) 1080px, 100vw\" \/>\n\t\t\t<\/dt><\/dl><br style=\"clear: both\" \/>\n\t\t<\/div>\n\n<h3><span style=\"font-weight: 400;\">Tunsori bob pentru par des, dar cu fir subtire si casant\u00a0<\/span><\/h3>\n<p><span style=\"font-weight: 400;\">Dac\u0103 p\u0103rul t\u0103u e des, \u00eens\u0103 <\/span><b>firul de p\u0103r e sub\u021bire \u0219i casant<\/b><span style=\"font-weight: 400;\">, \u00een continuare \u00ee\u021bi vei dori mai mult volum. \u00cen cazul \u0103sta, r\u0103m\u00e2n valabile recomand\u0103rile de mai sus, \u00eens\u0103 trebuie s\u0103 \u0219tii c\u0103 orice tip de bob va func\u021biona pentru tine. Deja ai atuul unui p\u0103r bogat, mai trebuie doar s\u0103 \u00eel propulsezi spre volum, ceea ce po\u021bi face cu ajutorul tunsorii potrivite.\u00a0<\/span><\/p>\n<h3><span style=\"font-weight: 400;\">Tunsori bob pentru par des cu fir gros\u00a0<\/span><\/h3>\n<p><span style=\"font-weight: 400;\">Dac\u0103 e\u0219ti posesoarea unui <\/span><b>p\u0103r des,<\/b><span style=\"font-weight: 400;\"> cu un fir gros, s-ar putea s\u0103 \u00ee\u021bi dore\u0219ti s\u0103 diminuezi volumul; p\u0103rul t\u0103u tinde s\u0103 fie n\u0103r\u0103va\u0219 \u0219i s\u0103 sim\u021bi c\u0103 \u00ee\u021bi scap\u0103 de sub control. Dac\u0103 alegi un bob filat scurt, vei reu\u0219i nu doar s\u0103 \u00eel potole\u0219ti c\u00e2nd sim\u021bi nevoia, \u00eens\u0103 p\u0103rul t\u0103u va c\u0103p\u0103ta cu adev\u0103rat contur \u0219i \u00ee\u021bi va pune tr\u0103s\u0103turile \u00een valoare. At\u00e2t bobul filat scurt, c\u00e2t \u0219i cel asimetric (dar tot scurt) vor reu\u0219i s\u0103 \u00ee\u021bi \u00eembl\u00e2nzeasc\u0103 p\u0103rul \u0219i \u00eel vor face s\u0103 arate mereu ca din reviste.<\/span><\/p>\n\n\t\t<style type=\"text\/css\">\n\t\t\t#gallery-12 {\n\t\t\t\tmargin: auto;\n\t\t\t}\n\t\t\t#gallery-12 .gallery-item {\n\t\t\t\tfloat: left;\n\t\t\t\tmargin-top: 10px;\n\t\t\t\ttext-align: center;\n\t\t\t\twidth: 100%;\n\t\t\t}\n\t\t\t#gallery-12 img {\n\t\t\t\tborder: 2px solid #cfcfcf;\n\t\t\t}\n\t\t\t#gallery-12 .gallery-caption {\n\t\t\t\tmargin-left: 0;\n\t\t\t}\n\t\t\t\/* see gallery_shortcode() in wp-includes\/media.php *\/\n\t\t<\/style>\n\t\t<div id='gallery-12' class='gallery galleryid-1865 gallery-columns-1 gallery-size-full'><dl class='gallery-item'>\n\t\t\t<dt class='gallery-icon portrait'>\n\t\t\t\t<img decoding=\"async\" width=\"1080\" height=\"1239\" src=\"https:\/\/salonmanifest.ro\/wp-content\/uploads\/2021\/04\/iuliantimisica_20210327_175246-1-2.jpg\" class=\"attachment-full size-full\" alt=\"\" srcset=\"https:\/\/salonmanifest.ro\/wp-content\/uploads\/2021\/04\/iuliantimisica_20210327_175246-1-2.jpg 1080w, https:\/\/salonmanifest.ro\/wp-content\/uploads\/2021\/04\/iuliantimisica_20210327_175246-1-2-980x1124.jpg 980w, https:\/\/salonmanifest.ro\/wp-content\/uploads\/2021\/04\/iuliantimisica_20210327_175246-1-2-480x551.jpg 480w\" sizes=\"(min-width: 0px) and (max-width: 480px) 480px, (min-width: 481px) and (max-width: 980px) 980px, (min-width: 981px) 1080px, 100vw\" \/>\n\t\t\t<\/dt><\/dl><br style=\"clear: both\" \/>\n\t\t<\/div>\n\n<h2><b>Idei pentru vopsirea parului tuns bob\u00a0<\/b><\/h2>\n<p><span style=\"font-weight: 400;\">De\u0219i e o tunsoare versatil\u0103, s-ar putea ca p\u00e2n\u0103 \u0219i coafura bob s\u0103 aib\u0103 anumite limite atunci c\u00e2nd vorbim de culoarea care i se potrive\u0219te cel mai bine. Indiferent de tipul de bob pentru care vrei s\u0103 optezi, iat\u0103 ce ar trebui s\u0103 iei \u00een considerare c\u00e2nd vine vorba de vopsirea lui:<\/span><\/p>\n<h3><span style=\"font-weight: 400;\">Tunsoare bob in nuante de blond\u00a0<\/span><\/h3>\n<p><span style=\"font-weight: 400;\">Nuan\u021bele <\/span><b>deschise<\/b><span style=\"font-weight: 400;\"> sunt cele care avantajeaz\u0103 cel mai bine p\u0103rul tuns bob. Fie c\u0103 vorbim de blond clasic, fie c\u0103 vorbim de blondul cenu\u0219iu, ambele avantajeaz\u0103 orice tip de coafur\u0103 bob. Ofer\u0103 volum, dimensiune, po\u021bi ob\u021bine umbre interesante care s\u0103 \u00ee\u021bi \u00eencadreze elegant chipul. Cu at\u00e2t mai mult, dac\u0103 p\u0103rul t\u0103u nu e foarte des, blondul e culoarea care va \u00een\u0219ela ochiul privitorului \u00een acest sens.<\/span><\/p>\n\n\t\t<style type=\"text\/css\">\n\t\t\t#gallery-13 {\n\t\t\t\tmargin: auto;\n\t\t\t}\n\t\t\t#gallery-13 .gallery-item {\n\t\t\t\tfloat: left;\n\t\t\t\tmargin-top: 10px;\n\t\t\t\ttext-align: center;\n\t\t\t\twidth: 100%;\n\t\t\t}\n\t\t\t#gallery-13 img {\n\t\t\t\tborder: 2px solid #cfcfcf;\n\t\t\t}\n\t\t\t#gallery-13 .gallery-caption {\n\t\t\t\tmargin-left: 0;\n\t\t\t}\n\t\t\t\/* see gallery_shortcode() in wp-includes\/media.php *\/\n\t\t<\/style>\n\t\t<div id='gallery-13' class='gallery galleryid-1865 gallery-columns-1 gallery-size-full'><dl class='gallery-item'>\n\t\t\t<dt class='gallery-icon portrait'>\n\t\t\t\t<img decoding=\"async\" width=\"1080\" height=\"1350\" src=\"https:\/\/salonmanifest.ro\/wp-content\/uploads\/2021\/04\/IMG_20210123_092712_036-2.jpg\" class=\"attachment-full size-full\" alt=\"\" srcset=\"https:\/\/salonmanifest.ro\/wp-content\/uploads\/2021\/04\/IMG_20210123_092712_036-2.jpg 1080w, https:\/\/salonmanifest.ro\/wp-content\/uploads\/2021\/04\/IMG_20210123_092712_036-2-980x1225.jpg 980w, https:\/\/salonmanifest.ro\/wp-content\/uploads\/2021\/04\/IMG_20210123_092712_036-2-480x600.jpg 480w\" sizes=\"(min-width: 0px) and (max-width: 480px) 480px, (min-width: 481px) and (max-width: 980px) 980px, (min-width: 981px) 1080px, 100vw\" \/>\n\t\t\t<\/dt><\/dl><br style=\"clear: both\" \/>\n\t\t<\/div>\n\n<h3><span style=\"font-weight: 400;\">Tunsori bob in nuante inchise (brunet sau saten)<\/span><\/h3>\n<p><b>Negrul<\/b><span style=\"font-weight: 400;\"> r\u0103m\u00e2ne una dintre cele mai elegante variante \u0219i c\u00e2nd vine vorba de vopsitul p\u0103rului; dac\u0103 e\u0219ti brunet\u0103 sau \u0219aten\u0103, bobul e op\u021biunea de tunsoare pe care te po\u021bi baza. Te po\u021bi juca cu onduleurile naturale dac\u0103 \u021bi se pare c\u0103 brunetul te \u201e\u00een\u0103spre\u0219te\u201d, \u00eens\u0103 dac\u0103 vrei un look cu adev\u0103rat elegant, a\u0219ezat, finisat \u0219i glamuros, un bob lung sau scurt drept e ceea ce \u021bi se va potrivi. Buclele au puterea de a lini\u0219ti temperamentul pe care brunetul \u021bi-l impune, \u00een timp ce lipsa lor te face s\u0103 \u00ee\u021bi \u00eensu\u0219e\u0219ti \u00eendr\u0103zneala, curajul, sinele \u00eenving\u0103tor &#8211; \u021bie nu \u00ee\u021bi r\u0103m\u00e2ne dec\u00e2t s\u0103 alegi ce variant\u0103 a ta vrei s\u0103 fii azi.<\/span><\/p>\n\n\t\t<style type=\"text\/css\">\n\t\t\t#gallery-14 {\n\t\t\t\tmargin: auto;\n\t\t\t}\n\t\t\t#gallery-14 .gallery-item {\n\t\t\t\tfloat: left;\n\t\t\t\tmargin-top: 10px;\n\t\t\t\ttext-align: center;\n\t\t\t\twidth: 100%;\n\t\t\t}\n\t\t\t#gallery-14 img {\n\t\t\t\tborder: 2px solid #cfcfcf;\n\t\t\t}\n\t\t\t#gallery-14 .gallery-caption {\n\t\t\t\tmargin-left: 0;\n\t\t\t}\n\t\t\t\/* see gallery_shortcode() in wp-includes\/media.php *\/\n\t\t<\/style>\n\t\t<div id='gallery-14' class='gallery galleryid-1865 gallery-columns-1 gallery-size-full'><dl class='gallery-item'>\n\t\t\t<dt class='gallery-icon landscape'>\n\t\t\t\t<img decoding=\"async\" width=\"1200\" height=\"1200\" src=\"https:\/\/salonmanifest.ro\/wp-content\/uploads\/2021\/04\/IMG-20210212-WA0000-e1616911315527-1.jpg\" class=\"attachment-full size-full\" alt=\"\" srcset=\"https:\/\/salonmanifest.ro\/wp-content\/uploads\/2021\/04\/IMG-20210212-WA0000-e1616911315527-1.jpg 1200w, https:\/\/salonmanifest.ro\/wp-content\/uploads\/2021\/04\/IMG-20210212-WA0000-e1616911315527-1-980x980.jpg 980w, https:\/\/salonmanifest.ro\/wp-content\/uploads\/2021\/04\/IMG-20210212-WA0000-e1616911315527-1-480x480.jpg 480w\" sizes=\"(min-width: 0px) and (max-width: 480px) 480px, (min-width: 481px) and (max-width: 980px) 980px, (min-width: 981px) 1200px, 100vw\" \/>\n\t\t\t<\/dt><\/dl><br style=\"clear: both\" \/>\n\t\t<\/div>\n\n<h3><span style=\"font-weight: 400;\">Tunsori bob in nuante de roscat<\/span><\/h3>\n<p><b>Ro\u0219catul<\/b><span style=\"font-weight: 400;\"> r\u0103m\u00e2ne un confident de \u00eencredere al tunsorii bob. Ro\u0219catul e cel mai frumos acompaniat de un bob scurt; \u00eempreun\u0103 fac echip\u0103 \u0219i \u00ee\u021bi imprim\u0103 acel look sleek, feminin \u0219i \u00eendr\u0103zne\u021b; ro\u0219catul vine \u00eentr-o multitudine de nuan\u021be, a\u0219a c\u0103 po\u021bi experiementa cu tonurile \u00een func\u021bie de sezon \u0219i de starea ta de spirit. Culoarea potrivit\u0103 de p\u0103r poate accentua orice lucru ai vrea s\u0103-l vezi mai des la tine, fie c\u0103 vorbim de \u00eendr\u0103zneal\u0103, senzualitate, feminitate sau curaj. Trebuie doar s\u0103 ai \u00eencredere \u0219i s\u0103 experimentezi!<\/span><\/p>\n\n\t\t<style type=\"text\/css\">\n\t\t\t#gallery-15 {\n\t\t\t\tmargin: auto;\n\t\t\t}\n\t\t\t#gallery-15 .gallery-item {\n\t\t\t\tfloat: left;\n\t\t\t\tmargin-top: 10px;\n\t\t\t\ttext-align: center;\n\t\t\t\twidth: 100%;\n\t\t\t}\n\t\t\t#gallery-15 img {\n\t\t\t\tborder: 2px solid #cfcfcf;\n\t\t\t}\n\t\t\t#gallery-15 .gallery-caption {\n\t\t\t\tmargin-left: 0;\n\t\t\t}\n\t\t\t\/* see gallery_shortcode() in wp-includes\/media.php *\/\n\t\t<\/style>\n\t\t<div id='gallery-15' class='gallery galleryid-1865 gallery-columns-1 gallery-size-full'><dl class='gallery-item'>\n\t\t\t<dt class='gallery-icon portrait'>\n\t\t\t\t<img decoding=\"async\" width=\"1080\" height=\"1350\" src=\"https:\/\/salonmanifest.ro\/wp-content\/uploads\/2021\/04\/manifestsalon_20210316_221253-1.jpg\" class=\"attachment-full size-full\" alt=\"\" srcset=\"https:\/\/salonmanifest.ro\/wp-content\/uploads\/2021\/04\/manifestsalon_20210316_221253-1.jpg 1080w, https:\/\/salonmanifest.ro\/wp-content\/uploads\/2021\/04\/manifestsalon_20210316_221253-1-980x1225.jpg 980w, https:\/\/salonmanifest.ro\/wp-content\/uploads\/2021\/04\/manifestsalon_20210316_221253-1-480x600.jpg 480w\" sizes=\"(min-width: 0px) and (max-width: 480px) 480px, (min-width: 481px) and (max-width: 980px) 980px, (min-width: 981px) 1080px, 100vw\" \/>\n\t\t\t<\/dt><\/dl><br style=\"clear: both\" \/>\n\t\t<\/div>\n\n<h3><span style=\"font-weight: 400;\">Tunsori bob cu suvite, balayage sau ombre<\/span><\/h3>\n<p><b>\u0218uvi\u021bele, tehnica balayage<\/b><span style=\"font-weight: 400;\"> sau <\/span><b>ombre<\/b><span style=\"font-weight: 400;\"> sunt artificiile estetice care \u00ee\u021bi pot transforma complet look-ul. \u0218i partea bun\u0103 e c\u0103 aceste artificii se \u00een\u021beleg la perfec\u021bie cu orice tunsoare bob! Po\u021bi accentua sau diminua orice \u00ee\u021bi dore\u0219ti cu ajutorul \u0219uvi\u021belor sau al acestor tehnici. Po\u021bi ob\u021bine mai mult volum, creezi jocuri de lumin\u0103, conturezi umbre \u0219i oferi dinamism \u00eentregului look. Po\u021bi opta fie pentru \u0219uvi\u021be \u00eentr-o nuan\u021b\u0103 mai deschis\u0103 a p\u0103rului t\u0103u, pentru a da impresia unor lumini \u0219i umbre naturale, fie s\u0103 ie\u0219i din tipar cu ajutorul unor nuan\u021be \u00eendr\u0103zne\u021be.<\/span><\/p>\n<h2><b>Cum poti coafa parul tuns bob<\/b><\/h2>\n<p><span style=\"font-weight: 400;\">P\u0103rul tuns bob are avantajul <\/span><i><span style=\"font-weight: 400;\">imediatului<\/span><\/i><span style=\"font-weight: 400;\">: arat\u0103 bine imediat ce te treze\u0219ti. E una dintre coafurile apreciate \u00eentocmai pentru versatilitatea sa \u0219i pentru c\u0103 nu necesit\u0103 foarte mult efort pentru c\u0103 arat\u0103 bine&#8230;de la sine! \u0218i chiar dac\u0103 \u00eentr-o zi e messy, s-ar putea nici s\u0103 nu vrei s\u0103 \u00eel aranjezi prea mult, pentru c\u0103 asta adaug\u0103 un plus de farmec.\u00a0<\/span><\/p>\n\n\t\t<style type=\"text\/css\">\n\t\t\t#gallery-16 {\n\t\t\t\tmargin: auto;\n\t\t\t}\n\t\t\t#gallery-16 .gallery-item {\n\t\t\t\tfloat: left;\n\t\t\t\tmargin-top: 10px;\n\t\t\t\ttext-align: center;\n\t\t\t\twidth: 50%;\n\t\t\t}\n\t\t\t#gallery-16 img {\n\t\t\t\tborder: 2px solid #cfcfcf;\n\t\t\t}\n\t\t\t#gallery-16 .gallery-caption {\n\t\t\t\tmargin-left: 0;\n\t\t\t}\n\t\t\t\/* see gallery_shortcode() in wp-includes\/media.php *\/\n\t\t<\/style>\n\t\t<div id='gallery-16' class='gallery galleryid-1865 gallery-columns-2 gallery-size-full'><dl class='gallery-item'>\n\t\t\t<dt class='gallery-icon portrait'>\n\t\t\t\t<a href='https:\/\/salonmanifest.ro\/?attachment_id=503'><img decoding=\"async\" width=\"1080\" height=\"1350\" src=\"https:\/\/salonmanifest.ro\/wp-content\/uploads\/2024\/05\/manifestsalon_20210316_221250.jpg\" class=\"attachment-full size-full\" alt=\"\" srcset=\"https:\/\/salonmanifest.ro\/wp-content\/uploads\/2024\/05\/manifestsalon_20210316_221250.jpg 1080w, https:\/\/salonmanifest.ro\/wp-content\/uploads\/2024\/05\/manifestsalon_20210316_221250-980x1225.jpg 980w, https:\/\/salonmanifest.ro\/wp-content\/uploads\/2024\/05\/manifestsalon_20210316_221250-480x600.jpg 480w\" sizes=\"(min-width: 0px) and (max-width: 480px) 480px, (min-width: 481px) and (max-width: 980px) 980px, (min-width: 981px) 1080px, 100vw\" \/><\/a>\n\t\t\t<\/dt><\/dl>\n\t\t\t<br style='clear: both' \/>\n\t\t<\/div>\n\n<p><span style=\"font-weight: 400;\">Totu\u0219i, dac\u0103 din c\u00e2nd \u00een c\u00e2nd vrei s\u0103 faci o schimbare, p\u0103rul tuns bob poate fi coafat, mai ales dac\u0103 vorbim de un bob lung. Te po\u021bi juca cu <\/span><b>\u00eempletiturile<\/b><span style=\"font-weight: 400;\"> \u0219i <\/span><b>cocurile<\/b><span style=\"font-weight: 400;\"> lejere, iar bobul lung \u00ee\u021bi permite \u0219i s\u0103 \u00eel prinzi \u00een <\/span><b>coad\u0103<\/b><span style=\"font-weight: 400;\">. Pentru celelalte tipuri de bob, po\u021bi apela la <\/span><b>accesoriile<\/b><span style=\"font-weight: 400;\"> de p\u0103r care sunt gata s\u0103 \u00ee\u021bi schimbe orice look, chiar \u0219i atunci c\u00e2nd sim\u021bi c\u0103 e <\/span><i><span style=\"font-weight: 400;\">bad hair day<\/span><\/i><span style=\"font-weight: 400;\"> &#8211; de\u0219i suntem siguri c\u0103 asta nu se \u00eent\u00e2mpl\u0103 niciodat\u0103.\u00a0<\/span><\/p>\n<p><span style=\"font-weight: 400;\">Iar pentru toate tipurile de bob po\u021bi oscila \u00eentre p\u0103r drept \u0219i <\/span><b>bucle<\/b><span style=\"font-weight: 400;\"> lejere, realizate cu ajutorul unei perii rotative. \u00cen func\u021bie de starea ta de spirit \u0219i ce sim\u021bi c\u0103 \u00ee\u021bi dore\u0219ti azi de la p\u0103rul t\u0103u, po\u021bi ob\u021bine. Buclele \u00ee\u021bi transform\u0103 instant look-ul \u00een unul tineresc \u0219i chic, \u00een timp ce p\u0103rul drept vorbe\u0219te de la sine \u0219i ne spune c\u0103 ai energie, e\u0219ti elegant\u0103 \u0219i pus\u0103 pe treab\u0103.\u00a0<\/span><\/p>\n<h2><b>Sfaturi de la experti pentru ingrijirea si intretinerea parului tuns bob<\/b><\/h2>\n<p><span style=\"font-weight: 400;\">Ca s\u0103 ai o tunsoare perfect\u0103 c\u00e2t mai mult\u0103 vreme, sunt c\u00e2teva lucuri de care trebuie s\u0103 \u021bii cont: pe unele trebuie s\u0103 le faci constant, iar pe altele s\u0103 le evi\u021bi c\u00e2t de mult se poate.\u00a0<\/span><\/p>\n<p><b>Ce s\u0103 faci:<\/b><\/p>\n<ul>\n<li style=\"font-weight: 400;\" aria-level=\"1\"><i><span style=\"font-weight: 400;\">Tunde-\u021bi v\u00e2rfurile regulat<\/span><\/i><span style=\"font-weight: 400;\">, o dat\u0103 la 2 luni; a\u0219a, p\u0103rul t\u0103u se va regenera \u00een permanen\u021b\u0103, va avea un proces de cre\u0219tere constant \u0219i va ar\u0103ta mereu impecabil;<\/span><\/li>\n<li style=\"font-weight: 400;\" aria-level=\"1\"><span style=\"font-weight: 400;\">Usuc\u0103-\u021bi p\u0103rul de la <\/span><i><span style=\"font-weight: 400;\">r\u0103d\u0103cin\u0103<\/span><\/i><span style=\"font-weight: 400;\"> spre <\/span><i><span style=\"font-weight: 400;\">v\u00e2rfuri<\/span><\/i><span style=\"font-weight: 400;\">: asta nu doar c\u0103 \u00ee\u021bi ofer\u0103 mai mult volum, \u00eens\u0103 \u00ee\u021bi p\u0103streaz\u0103 s\u0103n\u0103tos p\u0103rul \u00een timp, pentru c\u0103 v\u00e2rfurile tale vor fi mai pu\u021bin uscate;<\/span><\/li>\n<li style=\"font-weight: 400;\" aria-level=\"1\"><span style=\"font-weight: 400;\">Folose\u0219te produse de \u00eengrijire cu <\/span><i><span style=\"font-weight: 400;\">ingrediente<\/span><\/i><span style=\"font-weight: 400;\"> sigure: evit\u0103 alcoolul din produse, \u00ee\u021bi va usca p\u0103rul, iar asta duce la acel frizz pe care nu ni-l dorim, nu?<\/span><\/li>\n<li style=\"font-weight: 400;\" aria-level=\"1\"><i><span style=\"font-weight: 400;\">Balsam<\/span><\/i><span style=\"font-weight: 400;\">, balsam, balsam: folose\u0219te din abunden\u021b\u0103 balsamul t\u0103u preferat atunci c\u00e2nd te speli pe p\u0103r \u0219i asigur\u0103-te c\u0103 \u00eel desc\u00e2lce\u0219ti \u00een du\u0219, dar \u0219i c\u0103 nu \u00eel smulgi sau piepteni prea agresiv; ca p\u0103rul nostru s\u0103 fie bun cu tine \u0219i s\u0103 arate bine, trebuie s\u0103 fii \u0219i tu bun\u0103 cu el.<\/span><\/li>\n<\/ul>\n<p><b>Ce s\u0103 nu faci:<\/b><\/p>\n<ul>\n<li style=\"font-weight: 400;\" aria-level=\"1\"><span style=\"font-weight: 400;\">Nu te <\/span><i><span style=\"font-weight: 400;\">tunde acas\u0103<\/span><\/i><span style=\"font-weight: 400;\">: bobul e o tunsoare preten\u021bioas\u0103 la acest capitol, iar dac\u0103 bagi singur\u0103 foarfeca \u00een el, sunt \u0219anse mari s\u0103 \u00eei ruinezi forma;<\/span><\/li>\n<li style=\"font-weight: 400;\" aria-level=\"1\"><span style=\"font-weight: 400;\">Nu te <\/span><i><span style=\"font-weight: 400;\">vopsi\/\u0219uvi\u021ba singur\u0103<\/span><\/i><span style=\"font-weight: 400;\">: un stilist \u0219tie cum trebuie aplicat\u0103 vopseaua astfel \u00eenc\u00e2t s\u0103 lumineze zonele pe care vrei s\u0103 le sco\u021bi \u00een eviden\u021b\u0103 \u0219i s\u0103 aplice umbre acolo unde trebuie;<\/span><\/li>\n<li style=\"font-weight: 400;\" aria-level=\"1\"><span style=\"font-weight: 400;\">Nu folosi produse care<\/span><i><span style=\"font-weight: 400;\"> \u00eencarc\u0103 firul de p\u0103r<\/span><\/i><span style=\"font-weight: 400;\"> \u0219i nu \u00eel agasa cu folosirea excesiv\u0103 a c\u0103ldurii;<\/span><\/li>\n<\/ul>\n<p><span style=\"font-weight: 400;\">Nu te stresa prea mult cu tot ce \u00eenseamn\u0103 <\/span><i><span style=\"font-weight: 400;\">coafat<\/span><\/i><span style=\"font-weight: 400;\">: p\u0103rul bob se a\u0219eaz\u0103 frumos de la sine, iar c\u00e2nd e messy, tot <\/span><i><span style=\"font-weight: 400;\">impecabil<\/span><\/i><span style=\"font-weight: 400;\"> arat\u0103.<\/span><\/p>\n","protected":false},"excerpt":{"rendered":"<p>De mai bine de un secol tunsoarea bob a r\u0103sturnat principiile conform c\u0103reia doar un p\u0103r lung eman\u0103 elegan\u021b\u0103. \u00cen toate formele sale, bobul a ajuns rapid una dintre coafurile preferate de cele care \u00ee\u0219i doresc un permanen\u021b\u0103 un look clasic, elegant \u0219i feminin. Indiferent de tipul de bob pentru care optezi, coafura ta va [&hellip;]<\/p>\n","protected":false},"author":2,"featured_media":2139,"comment_status":"closed","ping_status":"closed","sticky":false,"template":"","format":"standard","meta":{"_et_pb_use_builder":"","_et_pb_old_content":"","_et_gb_content_width":"","footnotes":""},"categories":[5,12],"tags":[],"class_list":["post-1865","post","type-post","status-publish","format-standard","has-post-thumbnail","hentry","category-inspiratie","category-tuns-bob"],"_links":{"self":[{"href":"https:\/\/salonmanifest.ro\/index.php?rest_route=\/wp\/v2\/posts\/1865","targetHints":{"allow":["GET"]}}],"collection":[{"href":"https:\/\/salonmanifest.ro\/index.php?rest_route=\/wp\/v2\/posts"}],"about":[{"href":"https:\/\/salonmanifest.ro\/index.php?rest_route=\/wp\/v2\/types\/post"}],"author":[{"embeddable":true,"href":"https:\/\/salonmanifest.ro\/index.php?rest_route=\/wp\/v2\/users\/2"}],"replies":[{"embeddable":true,"href":"https:\/\/salonmanifest.ro\/index.php?rest_route=%2Fwp%2Fv2%2Fcomments&post=1865"}],"version-history":[{"count":0,"href":"https:\/\/salonmanifest.ro\/index.php?rest_route=\/wp\/v2\/posts\/1865\/revisions"}],"wp:featuredmedia":[{"embeddable":true,"href":"https:\/\/salonmanifest.ro\/index.php?rest_route=\/wp\/v2\/media\/2139"}],"wp:attachment":[{"href":"https:\/\/salonmanifest.ro\/index.php?rest_route=%2Fwp%2Fv2%2Fmedia&parent=1865"}],"wp:term":[{"taxonomy":"category","embeddable":true,"href":"https:\/\/salonmanifest.ro\/index.php?rest_route=%2Fwp%2Fv2%2Fcategories&post=1865"},{"taxonomy":"post_tag","embeddable":true,"href":"https:\/\/salonmanifest.ro\/index.php?rest_route=%2Fwp%2Fv2%2Ftags&post=1865"}],"curies":[{"name":"wp","href":"https:\/\/api.w.org\/{rel}","templated":true}]}}