{"id":1839,"date":"2021-04-16T16:33:00","date_gmt":"2021-04-16T16:33:00","guid":{"rendered":"http:\/\/www.salonmanifest.ro\/?p=1839"},"modified":"2024-05-28T10:21:53","modified_gmt":"2024-05-28T10:21:53","slug":"decolorare-par-etape-efecte-si-sfaturi-avizate-manfest","status":"publish","type":"post","link":"https:\/\/salonmanifest.ro\/?p=1839","title":{"rendered":"Decolorarea parului: Etape, Sfaturi si Efecte. Decolorarea la salon vs. acasa"},"content":{"rendered":"<p><span style=\"font-weight: 400;\">P\u0103rul este o modalitate excelent\u0103\u00a0 de a ne scoate \u00een eviden\u021b\u0103 stilul \u0219i personalitatea. De fiecare dat\u0103 c\u00e2nd vrem s\u0103 facem o schimbare radical\u0103 \u00een <\/span><i><span style=\"font-weight: 400;\">look-ul<\/span><\/i><span style=\"font-weight: 400;\"> nostru, podoaba capilar\u0103 este prima pe list\u0103. \u00cen ultima perioad\u0103, tot mai multe persoane \u00ee\u0219i decoloreaz\u0103 p\u0103rul, at\u00e2t pentru a-\u0219i lumina <\/span><i><span style=\"font-weight: 400;\">look-ul <\/span><\/i><span style=\"font-weight: 400;\">\u00a0\u0219i a c\u0103p\u0103ta o str\u0103lucire, c\u00e2t \u0219i pentru a se vopsi cu culori \u00eendr\u0103zne\u021be \u0219i extravagante. Dac\u0103 dore\u0219ti s\u0103 \u00ee\u021bi decolorezi p\u0103rul, nu ezita s\u0103 ne faci o vizit\u0103 &#8211; te ajut\u0103m s\u0103 identifici solu\u021bia potrivit\u0103 pentru tipul t\u0103u de p\u0103r, ce te avantajeaz\u0103 \u0219i cum s\u0103 te decolorezi \u00eentr-un mod sigur \u0219i eficient.<\/span><\/p>\n\n\t\t<style type=\"text\/css\">\n\t\t\t#gallery-1 {\n\t\t\t\tmargin: auto;\n\t\t\t}\n\t\t\t#gallery-1 .gallery-item {\n\t\t\t\tfloat: left;\n\t\t\t\tmargin-top: 10px;\n\t\t\t\ttext-align: center;\n\t\t\t\twidth: 100%;\n\t\t\t}\n\t\t\t#gallery-1 img {\n\t\t\t\tborder: 2px solid #cfcfcf;\n\t\t\t}\n\t\t\t#gallery-1 .gallery-caption {\n\t\t\t\tmargin-left: 0;\n\t\t\t}\n\t\t\t\/* see gallery_shortcode() in wp-includes\/media.php *\/\n\t\t<\/style>\n\t\t<div id='gallery-1' class='gallery galleryid-1839 gallery-columns-1 gallery-size-full'><dl class='gallery-item'>\n\t\t\t<dt class='gallery-icon portrait'>\n\t\t\t\t<img decoding=\"async\" width=\"1080\" height=\"1343\" src=\"https:\/\/salonmanifest.ro\/wp-content\/uploads\/2021\/04\/beeatricemiu_20210319_125226.jpg\" class=\"attachment-full size-full\" alt=\"\" srcset=\"https:\/\/salonmanifest.ro\/wp-content\/uploads\/2021\/04\/beeatricemiu_20210319_125226.jpg 1080w, https:\/\/salonmanifest.ro\/wp-content\/uploads\/2021\/04\/beeatricemiu_20210319_125226-980x1219.jpg 980w, https:\/\/salonmanifest.ro\/wp-content\/uploads\/2021\/04\/beeatricemiu_20210319_125226-480x597.jpg 480w\" sizes=\"(min-width: 0px) and (max-width: 480px) 480px, (min-width: 481px) and (max-width: 980px) 980px, (min-width: 981px) 1080px, 100vw\" \/>\n\t\t\t<\/dt><\/dl><br style=\"clear: both\" \/>\n\t\t<\/div>\n\n<h2><span style=\"font-weight: 400;\">Decolorarea parului &#8211; ce este si cand ai nevoie de ea?<\/span><\/h2>\n<p><span style=\"font-weight: 400;\">Po\u021bi apela la decolorare c\u00e2nd dore\u0219ti tu \u2013 dac\u0103 sim\u021bi nevoia de o schimbare pentru c\u0103 te-ai plictisit de p\u0103rul t\u0103u sau vrei doar s\u0103 \u00ee\u021bi uniformizezi p\u0103rul, oric\u00e2nd po\u021bi s\u0103 \u00eencerci un nou <\/span><i><span style=\"font-weight: 400;\">look<\/span><\/i><span style=\"font-weight: 400;\">.\u00a0<\/span><\/p>\n<p><span style=\"font-weight: 400;\">Decolorarea este un proces chimic prin care este \u00eendep\u0103rtat pigmentul p\u0103rului, indiferent dac\u0103 este vorba despre pigmentul natural sau artificial \u0219i este un procesl ireversibil, adic\u0103 nu mai po\u021bi reveni la culoarea natural\u0103 dec\u00e2t dac\u0103 te vopse\u0219ti din nou. Pentru a decolora p\u0103rul, trebuie s\u0103 amesteci oxidant cu pudr\u0103 decolorant\u0103 \u0219i s\u0103 \u00eel la\u0219i s\u0103 ac\u021bioneze \u00eentre 15-40 de minute, \u00een func\u021bie de ce rezultate \u00ee\u021bi dore\u0219ti.\u00a0<\/span><\/p>\n<h3><span style=\"font-weight: 400;\">Decolorarea parului natural<\/span><\/h3>\n<p><span style=\"font-weight: 400;\">Decolorarea presupune o deschidere a nuan\u021bei ini\u021biale, iar pentru a evita deteriorarea p\u0103rului natural este indicat s\u0103 \u00eencepi cu deschiderea culorii cu 2-3 nuan\u021be.\u00a0 Dac\u0103 ai o culoare \u00eenchis\u0103 \u0219i vrei s\u0103 faci o schimbare radical\u0103 \u2013 spre exemplu de la brunet la blond \u2013 este recomandat s\u0103 o faci cu pa\u0219i mici. \u00cen special dac\u0103 nu te-ai mai decolorat p\u00e2n\u0103 acum, este important s\u0103 \u00eencepi cu dreptul. Este recomandat \u0219i s\u0103 faci aceast\u0103 schimbare la salon, s\u0103 fii pe m\u00e2ini bune.<\/span><\/p>\n<h3><span style=\"font-weight: 400;\">Decolorarea parului deja vopsit<\/span><\/h3>\n<p><span style=\"font-weight: 400;\">Dac\u0103 vrei s\u0103 \u00ee\u021bi decolorezi p\u0103rul deja vopsit, procesul este destul de simplu \u2013 toate produsele de decolorare au proprietatea de a elimina vopseaua existent\u0103 din p\u0103r. Este recomandat ca dac\u0103 \u021bi-ai vopsit p\u0103rul recent s\u0103 a\u0219tep\u021bi c\u00e2teva s\u0103pt\u0103m\u00e2ni \u00eenainte de a-l decolora din nou pentru a nu-l deteriora prea tare. Procesul de decolorare este unul normal, la fel ca o decolorare obi\u0219nuit\u0103, dar poate chiar mai rapid\u0103 \u2013 \u00een func\u021bie de ce culoare aveai ini\u021bial, poate dura \u00eentre 15-30 minute.\u00a0<\/span><\/p>\n\n\t\t<style type=\"text\/css\">\n\t\t\t#gallery-2 {\n\t\t\t\tmargin: auto;\n\t\t\t}\n\t\t\t#gallery-2 .gallery-item {\n\t\t\t\tfloat: left;\n\t\t\t\tmargin-top: 10px;\n\t\t\t\ttext-align: center;\n\t\t\t\twidth: 100%;\n\t\t\t}\n\t\t\t#gallery-2 img {\n\t\t\t\tborder: 2px solid #cfcfcf;\n\t\t\t}\n\t\t\t#gallery-2 .gallery-caption {\n\t\t\t\tmargin-left: 0;\n\t\t\t}\n\t\t\t\/* see gallery_shortcode() in wp-includes\/media.php *\/\n\t\t<\/style>\n\t\t<div id='gallery-2' class='gallery galleryid-1839 gallery-columns-1 gallery-size-full'><dl class='gallery-item'>\n\t\t\t<dt class='gallery-icon landscape'>\n\t\t\t\t<img decoding=\"async\" width=\"778\" height=\"778\" src=\"https:\/\/salonmanifest.ro\/wp-content\/uploads\/2021\/04\/day2-82.jpg\" class=\"attachment-full size-full\" alt=\"\" srcset=\"https:\/\/salonmanifest.ro\/wp-content\/uploads\/2021\/04\/day2-82.jpg 778w, https:\/\/salonmanifest.ro\/wp-content\/uploads\/2021\/04\/day2-82-480x480.jpg 480w\" sizes=\"(min-width: 0px) and (max-width: 480px) 480px, (min-width: 481px) 778px, 100vw\" \/>\n\t\t\t<\/dt><\/dl><br style=\"clear: both\" \/>\n\t\t<\/div>\n\n<h4><span style=\"font-weight: 400;\">Decolorarea parului vopsit cu henna<\/span><\/h4>\n<p><span style=\"font-weight: 400;\">Decolorarea p\u0103rului vopsit cu henna poate fi destul de <\/span><i><span style=\"font-weight: 400;\">tricky <\/span><\/i><span style=\"font-weight: 400;\">\u0219i trebuie s\u0103 fii atent\u0103 la mai multe criterii, din aceast\u0103 cauz\u0103, multe saloane stau departe de un p\u0103r vosit cu henna. P\u0103rul poate fi decolorat doar dac\u0103 ai folosit henna 100% natural\u0103 \u0219i cu toate acestea, culoarea trebuie s\u0103 fie estrompat\u0103 prima dat\u0103 cu un \u0219ampon de m\u0103trea\u021b\u0103 timp de o s\u0103pt\u0103m\u00e2n\u0103. Ulterior, po\u021bi folosi un tratament de hidratare timp de dou\u0103 s\u0103pt\u0103m\u00e2ni, iar mai apoi s\u0103 \u00eencepi s\u0103 \u00ee\u021bi decolorez p\u0103rul.\u00a0\u00a0<\/span><span style=\"font-weight: 400;\">\u00a0<\/span><\/p>\n<h2><span style=\"font-weight: 400;\">Avantajele decolorarii parului in salonul Man!fest<\/span><\/h2>\n<p><i><span style=\"font-weight: 400;\">Hairstyli\u0219tii <\/span><\/i><span style=\"font-weight: 400;\">din salonul Man!fest au foarte mult\u0103 experien\u021b\u0103 \u00een spate \u0219i se vor ocupa de decolorarea p\u0103rului t\u0103u \u00eentr-un mod sigur \u0219i eficient care nu \u00ee\u021bi va deteriora p\u0103rul. \u00ce\u021bi vom oferi cea mai bun\u0103 experien\u021b\u0103 \u0219i ne vom asigura c\u0103 \u00ee\u021bi vom oferi exact de ce ai nevoie, \u00een special pentru c\u0103 utiliz\u0103m produse de cea mai bun\u0103 calitate.\u00a0 Tehnicile, produsele \u0219i exper\u021bii no\u0219tri creeaz\u0103 decolorarea sigur\u0103 de care ai nevoie, f\u0103r\u0103 compromisuri.\u00a0<\/span><\/p>\n\n\t\t<style type=\"text\/css\">\n\t\t\t#gallery-3 {\n\t\t\t\tmargin: auto;\n\t\t\t}\n\t\t\t#gallery-3 .gallery-item {\n\t\t\t\tfloat: left;\n\t\t\t\tmargin-top: 10px;\n\t\t\t\ttext-align: center;\n\t\t\t\twidth: 100%;\n\t\t\t}\n\t\t\t#gallery-3 img {\n\t\t\t\tborder: 2px solid #cfcfcf;\n\t\t\t}\n\t\t\t#gallery-3 .gallery-caption {\n\t\t\t\tmargin-left: 0;\n\t\t\t}\n\t\t\t\/* see gallery_shortcode() in wp-includes\/media.php *\/\n\t\t<\/style>\n\t\t<div id='gallery-3' class='gallery galleryid-1839 gallery-columns-1 gallery-size-full'><dl class='gallery-item'>\n\t\t\t<dt class='gallery-icon landscape'>\n\t\t\t\t<img decoding=\"async\" width=\"1077\" height=\"1076\" src=\"https:\/\/salonmanifest.ro\/wp-content\/uploads\/2021\/04\/lorealpro_education_romania_20210327_174931.jpg\" class=\"attachment-full size-full\" alt=\"\" srcset=\"https:\/\/salonmanifest.ro\/wp-content\/uploads\/2021\/04\/lorealpro_education_romania_20210327_174931.jpg 1077w, https:\/\/salonmanifest.ro\/wp-content\/uploads\/2021\/04\/lorealpro_education_romania_20210327_174931-980x979.jpg 980w, https:\/\/salonmanifest.ro\/wp-content\/uploads\/2021\/04\/lorealpro_education_romania_20210327_174931-480x480.jpg 480w\" sizes=\"(min-width: 0px) and (max-width: 480px) 480px, (min-width: 481px) and (max-width: 980px) 980px, (min-width: 981px) 1077px, 100vw\" \/>\n\t\t\t<\/dt><\/dl><br style=\"clear: both\" \/>\n\t\t<\/div>\n\n<p><span style=\"font-weight: 400;\">\u00a0<\/span><\/p>\n<h2><span style=\"font-weight: 400;\">Decolorare profesionala &#8211; preturi<\/span><\/h2>\n<p><span style=\"font-weight: 400;\">Pre\u021bul difer\u0103 \u00een func\u021bie de ce rezultate \u00ee\u021bi dore\u0219ti \u2013 dac\u0103 e\u0219ti brunet\u0103 \u0219i vrei s\u0103 te faci blond\u0103, va fi mai costistor dec\u00e2t pentru o blond\u0103 care \u00ee\u0219i dore\u0219te s\u0103 treac\u0103 la platinum blonde. De asemenea, conteaz\u0103 \u0219i modaliatea de decolorare pe care o dore\u0219ti \u0219i lungimea pe care o ai la p\u0103r. Cel mai bine este s\u0103 \u00eentrebi un <\/span><i><span style=\"font-weight: 400;\">hairstylist <\/span><\/i><span style=\"font-weight: 400;\">din salon pentru a cere ni\u0219te informa\u021bii.<\/span><\/p>\n<h2><span style=\"font-weight: 400;\">Modalitati de decolorare a parului<\/span><\/h2>\n<p><span style=\"font-weight: 400;\">Exist\u0103 mai multe modalit\u0103\u021bi de decolorare a p\u0103rului, precum prin decapaj, cu pudr\u0103 sau folosind solu\u021bii profesionale \u2013 fiecare av\u00e2nd propriile criterii. Pentru a afla care este cea mai potrivit\u0103 pentru tine, contacteaz\u0103 un <\/span><i><span style=\"font-weight: 400;\">hairstylist <\/span><\/i><span style=\"font-weight: 400;\">din salon.\u00a0<\/span><\/p>\n<h3><span style=\"font-weight: 400;\">Decolorarea parului cu pudra<\/span><\/h3>\n<p><span style=\"font-weight: 400;\">Cea mai folosit\u0103 modalitate de decolorare a p\u0103rului este pudra decolorant\u0103, fiind \u0219i potrivit\u0103 fiec\u0103rui tip de p\u0103r. Pudra decolorant\u0103 se dilueaz\u0103 cu oxidant, iar amestecul se aplic\u0103 pe p\u0103rul uscat \u0219i nesp\u0103lat pentru a-\u0219i face c\u00e2t mai bine efectul. Timpul de oxidare difer\u0103 de la persoan\u0103 la persoan\u0103, \u00een func\u021bie e tipul \u0219i culoarea p\u0103rului. La final este indicat s\u0103 faci un tratament d hidratare \u0219i regenerare, fiindc\u0103 decolorarea sensibilizeaz\u0103 p\u0103rul \u0219i scalpul.\u00a0<\/span><\/p>\n<h3><span style=\"font-weight: 400;\">Decolorarea parului prin decapaj<\/span><\/h3>\n<p><span style=\"font-weight: 400;\">Decapajul este o metod\u0103 mai pu\u021bin agresiv\u0103 pentru decolorare a p\u0103rului \u0219i poate deschide nuan\u021ba cu 2-3 tonuri, f\u0103r\u0103 a agresa firul de p\u0103r. Este bine de \u0219tiut c\u0103 decapajul presupune deschiderea culorii p\u0103rului deja vopsit \u0219i c\u0103 unul dintre avantaje este c\u0103 nu deterioreaz\u0103 p\u0103rul la fel de tare ca o decolorare obi\u0219nuit\u0103.\u00a0<\/span><\/p>\n<h3><span style=\"font-weight: 400;\">Decolorarea parului cu solutie profesionala decoloranta<\/span><\/h3>\n<p><span style=\"font-weight: 400;\">Solu\u021bia profesional\u0103 decoloreaz\u0103 culoarea p\u0103rului p\u00e2n\u0103 la 5-6 tonuri \u0219i datorit\u0103 pigmen\u021bilor speciali care au fost ad\u0103ua\u021bi, permite ob\u021binerea rezultatului dorit repede, sigur \u0219i eficient, f\u0103r\u0103 compromisuri &#8211; s\u0103n\u0103tatea firului de p\u0103r este p\u0103strat\u0103.<\/span><\/p>\n<h2><span style=\"font-weight: 400;\">Etapele decolorarii profesionale a parului<\/span><\/h2>\n<p><span style=\"font-weight: 400;\">Etapele decolor\u0103rii p\u0103rului difer\u0103 \u00een func\u021bie de ce \u00ee\u021bi dore\u0219ti tu \u0219i exist\u0103 multe op\u021biuni. De asemenea, \u0219i timpul de oxidare difer\u0103 \u2013 dac\u0103 \u00ee\u021bi dore\u0219ti ni\u0219te suvi\u021be discrete prin p\u0103r pentru a-i oferi o str\u0103lucire, nu vei fi nevoit\u0103 s\u0103 a\u0219tep\u021bi foarte mult. Exist\u0103 o tehnic\u0103 pentru fiecare metod\u0103, fie c\u0103 vrei s\u0103 \u00eei decolorezi r\u0103d\u0103cinile sau vrei ni\u0219te \u0219uvi\u021be la v\u00e2rfuri, exper\u021bii din salon sunt preg\u0103ti\u021bi s\u0103 \u00ee\u021bi ofere ceea ce \u00ee\u021bi dore\u0219ti.\u00a0<\/span><\/p>\n<h3><span style=\"font-weight: 400;\">Decolorarea parului la radacina<\/span><\/h3>\n<p><span style=\"font-weight: 400;\">P\u0103rul de la r\u0103d\u0103cin\u0103 se decoloreaz\u0103 mult mai repede din cauza c\u0103ldurii capului \u2013 dac\u0103 dore\u0219ti s\u0103 \u00ee\u021bi decolorezi p\u0103rul la r\u0103d\u0103cin\u0103, timpul de oxidare este \u00eenre 10-40 minute, \u00een func\u021bie de ce culoare ai deja.<\/span><\/p>\n<p><span style=\"font-weight: 400;\">Pentru ca p\u0103rul s\u0103 se decoloreze corespunz\u0103tor, se \u00eencepe prin sec\u021bionarea p\u0103rului, cu o c\u0103rare de la frunte la ceaf\u0103 \u0219i \u00eenc\u0103 una, de la o ureche la chealalt\u0103. Decolorantul se aplic\u0103 de la spatele capului, \u00een jos, pentru a simplifica munca. Dup\u0103 ce este aplicat \u0219i a\u021bi a\u0219teptat destul, se trece la sp\u0103larea p\u0103rului, p\u0103rul trebuie s\u0103 fie limpezit cu ap\u0103 c\u0103ldu\u021b\u0103 spre rece p\u00e2n\u0103 ce se elimin\u0103 decolorantul, \u0219i ulterior se spal\u0103 cu un \u0219ampon nealcalin, deoarece scalpul va fi foarte sensibil.\u00a0<\/span><\/p>\n<h3><span style=\"font-weight: 400;\">Decolorarea parului la varfuri<\/span><\/h3>\n<p><i><span style=\"font-weight: 400;\">Balayage-ul <\/span><\/i><span style=\"font-weight: 400;\">este cel mai \u00eendr\u0103git stil de p\u0103r \u2013 ofer\u0103 un aer <\/span><i><span style=\"font-weight: 400;\">fresh <\/span><\/i><span style=\"font-weight: 400;\">oric\u0103rei persoane \u0219i ofer\u0103 p\u0103rului o str\u0103lucire natural\u0103. Este o tehnic\u0103 de vopsire a p\u0103rului \u00een care decolorantul este aplicat\u0103 pe p\u0103r pentru a-i oferi o tranzi\u021bie natural\u0103, treptat\u0103, f\u0103r\u0103 linii evidente sau dure. Tehnica folosit\u0103 \u00een decolorarea p\u0103rului este cea cu m\u00e2n\u0103 liber\u0103, f\u0103r\u0103 a folosi folia de aluminiu, iar mi\u0219c\u0103rile sunt similare celor de pictat, cu tu\u0219e verticale.<\/span><\/p>\n<h3><span style=\"font-weight: 400;\">Decolorarea parului in suvite<\/span><\/h3>\n<p><span style=\"font-weight: 400;\">\u0218uvi\u021bele au devenit foarte <\/span><i><span style=\"font-weight: 400;\">trendy <\/span><\/i><span style=\"font-weight: 400;\">\u00een ultima perioad\u0103, iar acest stil se potrive\u0219te oric\u0103rui tip de p\u0103r. Orice <\/span><i><span style=\"font-weight: 400;\">look <\/span><\/i><span style=\"font-weight: 400;\">poate fi schimbat radical cu ni\u0219te \u0219uvi\u021bem indiferent dac\u0103 vrei ceva natural sau \u00eendr\u0103zne\u021b, s\u0103 fie intense sau discrete sau chiar ce grosime dore\u0219ti. Pentru realizarea \u0219uvi\u021belor se iau sec\u021biuni de p\u0103r pe care se aplic\u0103 decolorat, ulterior vor fi \u00eenf\u0103\u0219urate cu folie pentru a nu decolora \u0219i restul p\u0103rului, iar mai apoi se \u00eencepe procesul de sp\u0103lare.<\/span><\/p>\n<h2><span style=\"font-weight: 400;\">Decolorarea parului in functie de culoare<\/span><\/h2>\n<p><span style=\"font-weight: 400;\">Culoarea p\u0103rului influen\u021bez\u0103 foarte mult decolorarea. \u00cen func\u021bie de culoarea pe care o ai la p\u0103r \u0219i culoarea pe care o dore\u0219ti timpul de oxidare variaz\u0103 pentru a ajunge la rezultatul dorit \u2013 \u00een unele cazuri, dac\u0103 ai un p\u0103r \u00eenchis la culoare, vei avea nevoie de mai multe sesiuni de decolorare.<\/span><\/p>\n<h3><span style=\"font-weight: 400;\">Cum se realizeaza decolorarea parului brunet\/saten?<\/span><span style=\"font-weight: 400;\">\u00a0<\/span><\/h3>\n<p><span style=\"font-weight: 400;\">Dac\u0103 ai p\u0103r brunet sau \u0219aten \u0219i \u00ee\u021bi dore\u0219ti o culoare mai deschis\u0103, trebuie s\u0103 ai r\u0103bdare cu p\u0103rul t\u0103u. Decolorarea p\u0103rului \u00eenchis la culoare se face, de obicei, de mai multe ori pentru a evita deteriorarea lui. Dac\u0103 \u00ee\u021bi dore\u0219ti o schimbare radical\u0103, atunci vei avea nevoie de peste dou\u0103 \u0219edin\u021be \u2013 dar se va merita a\u0219teptarea. Dac\u0103 gr\u0103be\u0219ti procesul p\u0103rul \u0219i scalpul vor avea de suferit \u0219i vor deveni mult mai sensibile, iar posibilitatea de a-\u021bi pierde p\u0103rul cre\u0219te.<\/span><\/p>\n<h3><span style=\"font-weight: 400;\">Pasii decolorarii parului vopsit blond<\/span><\/h3>\n<p><span style=\"font-weight: 400;\">Dac\u0103 \u00eenainte decolorarea blondului era un proces sinuos \u0219i aproape riscant pentru s\u0103n\u0103tatea firului de p\u0103r, ast\u0103zi speciali\u0219tii Man!fest au la dispozi\u021bie MT8 Blonde Bonder Inside &#8211; un produs profesional care asigur\u0103 decolorare sigur\u0103, \u00een timp ce p\u0103rul r\u0103m\u00e2ne perfect s\u0103n\u0103tos. C\u00e2nd vine vorba de frumuse\u021be, nu trebuie s\u0103 alegi \u00eentre fascinant \u0219i s\u0103n\u0103tos &#8211; le po\u021bi avea pe ambele.<\/span><\/p>\n\n\t\t<style type=\"text\/css\">\n\t\t\t#gallery-4 {\n\t\t\t\tmargin: auto;\n\t\t\t}\n\t\t\t#gallery-4 .gallery-item {\n\t\t\t\tfloat: left;\n\t\t\t\tmargin-top: 10px;\n\t\t\t\ttext-align: center;\n\t\t\t\twidth: 100%;\n\t\t\t}\n\t\t\t#gallery-4 img {\n\t\t\t\tborder: 2px solid #cfcfcf;\n\t\t\t}\n\t\t\t#gallery-4 .gallery-caption {\n\t\t\t\tmargin-left: 0;\n\t\t\t}\n\t\t\t\/* see gallery_shortcode() in wp-includes\/media.php *\/\n\t\t<\/style>\n\t\t<div id='gallery-4' class='gallery galleryid-1839 gallery-columns-1 gallery-size-full'><dl class='gallery-item'>\n\t\t\t<dt class='gallery-icon landscape'>\n\t\t\t\t<img decoding=\"async\" width=\"674\" height=\"674\" src=\"https:\/\/salonmanifest.ro\/wp-content\/uploads\/2021\/04\/day1-63.jpg\" class=\"attachment-full size-full\" alt=\"\" srcset=\"https:\/\/salonmanifest.ro\/wp-content\/uploads\/2021\/04\/day1-63.jpg 674w, https:\/\/salonmanifest.ro\/wp-content\/uploads\/2021\/04\/day1-63-480x480.jpg 480w\" sizes=\"(min-width: 0px) and (max-width: 480px) 480px, (min-width: 481px) 674px, 100vw\" \/>\n\t\t\t<\/dt><\/dl><br style=\"clear: both\" \/>\n\t\t<\/div>\n\n<h3><span style=\"font-weight: 400;\">Ce presupune decolorarea parului roscat?<\/span><\/h3>\n<p><span style=\"font-weight: 400;\">Indiferent dac\u0103 e\u0219ti ro\u0219cat\u0103 natural\u0103 sau nu, dac\u0103 \u00ee\u021bi dore\u0219ti o schimbare dramatic\u0103 \u00een <\/span><i><span style=\"font-weight: 400;\">look\u00ad-ul <\/span><\/i><span style=\"font-weight: 400;\">t\u0103u \u2013 cum ar fi trecerea de la ro\u0219cat la blond \u2013 nu se poate realiza \u00eentr-o singur\u0103 sesiune. De aceea, trebuie s\u0103 ai r\u0103bdare. P\u0103rul ro\u0219cat are un pigment foarte puternic, iar atunci c\u00e2nd e decolorat pentru prima dat\u0103 se poate transforma \u00eentr-un portocaliu murdar. P\u0103rul ro\u0219cat ar trebui s\u0103 fie decolorat minim de dou\u0103 ori pentru a ajunge la rezultatul dorit.<\/span><\/p>\n<h2><span style=\"font-weight: 400;\">Ce NU trebuie sa faci dupa decolorare\u00a0<\/span><\/h2>\n<p><span style=\"font-weight: 400;\">Este recomandat ca \u00een primele zile s\u0103 nu te speli pe cap sau s\u0103 nu folose\u0219ti ap\u0103 mult prea fierbinte pe care nu o poate suporta scalpul t\u0103u, fiind sensibil dup\u0103 decolorare. \u00cen prima s\u0103pt\u0103m\u00e2n\u0103 evit\u0103 produsele pentru p\u0103r cu c\u0103ldur\u0103, precum usc\u0103toarele, pl\u0103cile de \u00eendreptat p\u0103rului sau ondulatoarele, deoarece accelereaz\u0103 \u0219i agraveaz\u0103 deteriorarea p\u0103rului. De asemenea, \u00eencearc\u0103 s\u0103 evi\u021bi s\u0103 foloe\u0219ti peria de p\u0103r \u0219i \u00eenlocuie\u0219te-o cu un pieptene cu din\u021bi mai rari.\u00a0<\/span><\/p>\n<h2><span style=\"font-weight: 400;\">Ingrijirea parului dupa decolorare<\/span><\/h2>\n<p><span style=\"font-weight: 400;\">Dup\u0103 decolorarea p\u0103rului, scapul t\u0103u va fi sensibil o perioad\u0103 \u0219i este recomandat s\u0103 ai o gam\u0103 special\u0103 de produse de \u00eengrijire a p\u0103rului, care s\u0103 aib\u0103 \u015fi propriet\u0103\u0163i de reparare a fibrei capilare. De asemenea, parul va fi deshidratat \u0219i uscat dup\u0103 decolorare \u0219i sunt utile m\u0103\u015ftile din ingrediente naturale, care favorizeaz\u0103 regenerarea \u015fi \u00eent\u0103rirea firului de p\u0103r.\u00a0<\/span><\/p>\n\n\t\t<style type=\"text\/css\">\n\t\t\t#gallery-5 {\n\t\t\t\tmargin: auto;\n\t\t\t}\n\t\t\t#gallery-5 .gallery-item {\n\t\t\t\tfloat: left;\n\t\t\t\tmargin-top: 10px;\n\t\t\t\ttext-align: center;\n\t\t\t\twidth: 100%;\n\t\t\t}\n\t\t\t#gallery-5 img {\n\t\t\t\tborder: 2px solid #cfcfcf;\n\t\t\t}\n\t\t\t#gallery-5 .gallery-caption {\n\t\t\t\tmargin-left: 0;\n\t\t\t}\n\t\t\t\/* see gallery_shortcode() in wp-includes\/media.php *\/\n\t\t<\/style>\n\t\t<div id='gallery-5' class='gallery galleryid-1839 gallery-columns-1 gallery-size-full'><dl class='gallery-item'>\n\t\t\t<dt class='gallery-icon landscape'>\n\t\t\t\t<img decoding=\"async\" width=\"646\" height=\"646\" src=\"https:\/\/salonmanifest.ro\/wp-content\/uploads\/2021\/04\/day1-166.jpg\" class=\"attachment-full size-full\" alt=\"\" srcset=\"https:\/\/salonmanifest.ro\/wp-content\/uploads\/2021\/04\/day1-166.jpg 646w, https:\/\/salonmanifest.ro\/wp-content\/uploads\/2021\/04\/day1-166-480x480.jpg 480w\" sizes=\"(min-width: 0px) and (max-width: 480px) 480px, (min-width: 481px) 646px, 100vw\" \/>\n\t\t\t<\/dt><\/dl><br style=\"clear: both\" \/>\n\t\t<\/div>\n\n<h2><span style=\"font-weight: 400;\">Decolorarea parului acasa &#8211; cum se realizeaza?<\/span><\/h2>\n<p><span style=\"font-weight: 400;\">Decolorearea p\u0103rului acas\u0103 este posibil\u0103, dar nu neap\u0103rat recomandat\u0103. Ai nevoie de r\u0103bdare \u0219i experien\u021b\u0103 pentru a te decolora corespunz\u0103tor. Dac\u0103 totu\u0219i, vrei s\u0103 te decolorezi acas\u0103, este recomandat s\u0103 o fac\u0103 altcineva pentru a avea vizibilitate peste tot.\u00a0<\/span><\/p>\n<h3><span style=\"font-weight: 400;\">Ce ai nevoie pentru a realiza decolorarea parului acasa?<\/span><\/h3>\n<ul>\n<li><span style=\"font-weight: 400;\"> \u00a0 decolorant \u2013 exist\u0103 mai multe tipuri de oxidan\u021bi, care se aleg \u00een func\u021bie de culoarea actual\u0103 a p\u0103rului;<\/span><\/li>\n<li><span style=\"font-weight: 400;\"> \u00a0 un bol \u00een care s\u0103 amesteci compozi\u021bia;<\/span><\/li>\n<li><span style=\"font-weight: 400;\"> \u00a0 o pensul\u0103 de vopsit;<\/span><\/li>\n<li><span style=\"font-weight: 400;\"> \u00a0 m\u0103nu\u0219i de plastic \u0219i pelerin\u0103 pentru evita contactul cu pielea \u0219i hainele;<\/span><\/li>\n<li><span style=\"font-weight: 400;\"> \u00a0 piapt\u0103ne \u0219i clame de p\u0103r;<\/span><\/li>\n<li><span style=\"font-weight: 400;\"> \u00a0 \u0219erve\u021bele \u00een caz c\u0103 decolorantl \u00ee\u021bi atinge fa\u021ba;<\/span><\/li>\n<\/ul>\n<p><span style=\"font-weight: 400;\">Pentru a decolora p\u0103rul cite\u0219te cu aten\u021bie instruc\u021biunile de pe produsele cump\u0103rate \u2013 \u00eencepe prin a sec\u021biona p\u0103rul printr-o c\u0103rare de la frunte la ceaf\u0103 \u0219i \u00eenc\u0103 una de la o ureche la cealalt\u0103. Dup\u0103 ce a\u021bi preg\u0103tit amestecul cu decolorant, aplica\u021bi-l de la ceaf\u0103 \u00een jos, pentru a v\u0103 simplifica munca \u0219i a avea vizibilitate. Timpul de oxidare varaz\u0103 \u00een func\u021bie de tipul \u0219i culoarea p\u0103rului \u0219i poate dura \u00eentre 15-40 minute.\u00a0<\/span><\/p>\n<p><span style=\"font-weight: 400;\">Dup\u0103 ce e\u0219ti mul\u021bumit\u0103 de rezultat, cl\u0103te\u0219te bine p\u0103rul cu ap\u0103 c\u0103ldu\u021b\u0103 spre rece. Este recomandat \u0219i un tratament de hidratare \u0219i regenerare fiindc\u0103 p\u0103rul se va deteriora.<\/span><\/p>\n<p><b>\u00a0<\/b><\/p>\n<h2><span style=\"font-weight: 400;\">Metode de decolorare a parului acasa (cu ingrediente naturale)<\/span><\/h2>\n<p><span style=\"font-weight: 400;\">Decolorarea p\u0103rului cu ingrediente naturale func\u021bioneaz\u0103 \u00een special la p\u0103rul deschis care are o textur\u0103 fin\u0103. Rezultatele nu vor fi dramatice, dar p\u0103rul va c\u0103p\u0103ta o str\u0103lucire discret\u0103 \u0219i natural\u0103. Este recomandat p\u0103rul deschis deoarece p\u0103rul \u0219aten sau brunet ar putea c\u0103p\u0103ta o nuan\u021b\u0103 portocalie sau ro\u0219cat\u0103, dar po\u021bi \u00eencerca \u0219i o sec\u021biune mai mic\u0103 de p\u0103r drept prob\u0103. Aceste metode naturale nu afecteaz\u0103 p\u0103rul, chiar din contr\u0103, multe dintre ingrediente precum scor\u021bi\u0219oara, l\u0103m\u00e2ia \u0219i o\u021betul sunt bogate \u00een vitamine \u0219i prezint\u0103 un beneficiu pentru scalp \u0219i p\u0103r.<\/span><\/p>\n<h3><span style=\"font-weight: 400;\">Decolorarea parului cu bicarbonat<\/span><\/h3>\n<p><span style=\"font-weight: 400;\">Pentru decolorarea p\u0103rului cu bicarbonat iat\u0103 de ce ai nevoie:\u00a0<\/span><\/p>\n<ul>\n<li><span style=\"font-weight: 400;\"> \u00a0 \u00a0 \u00a0 Bicarbonat de sodiu \u2013 o lingur\u0103;<\/span><\/li>\n<li><span style=\"font-weight: 400;\"> \u00a0 \u00a0 \u00a0 O cantitate mic\u0103 de ap\u0103;<\/span><\/li>\n<\/ul>\n<p><span style=\"font-weight: 400;\">Amestec\u0103 o lingur\u0103 de bicarbonat de sodiu cu pu\u021bin\u0103 ap\u0103 c\u00e2t s\u0103 se creeze o past\u0103, ar trebui s\u0103 aib\u0103 o consisten\u021b\u0103 de grosime medie \u2013 nici prea gros, nici prea apos. Apoi, se maseaz\u0103 u\u0219or pasta peste locurile pe care vrei s\u0103 le luminezi. Dac\u0103 vrei s\u0103 faci asta pe tot p\u0103rul \u0219i nu c\u00e2teva \u0219uvi\u021be, po\u021bi lua \u00een considerare o cantitate mai mare de past\u0103. Se aplic\u0103 pe p\u0103r \u0219i se a\u0219teapt\u0103 s\u0103 ac\u021bioneze timp de 15-20 minute \u0219i la final cl\u0103ti\u021bi sau sp\u0103la\u021bi p\u0103rul.\u00a0<\/span><\/p>\n<h3><span style=\"font-weight: 400;\">Decolorarea parului vopsit cu apa oxigenata<\/span><\/h3>\n<p><span style=\"font-weight: 400;\">Pentru decolorarea cu ap\u0103 oxigenat\u0103 ai nevoie de:\u00a0<\/span><\/p>\n<ul>\n<li><span style=\"font-weight: 400;\"> \u00a0 \u00a0 \u00a0 Ap\u0103 oxigenat\u0103;<\/span><\/li>\n<li><span style=\"font-weight: 400;\"> \u00a0 \u00a0 \u00a0 Ap\u0103;<\/span><\/li>\n<\/ul>\n<p><span style=\"font-weight: 400;\">Primul pas pentru vopsirea p\u0103rului cu ap\u0103 oxigenat\u0103 este protejarea pielii \u2013 acope\u0103-\u021bi linia de p\u0103r cu vaselin\u0103 sau o cordelu\u021b\u0103 tip band\u0103. Amestec\u0103 aceea\u0219i cantitate de ap\u0103 cu peroxid de hidrogen \u0219i toarn\u0103-l \u00eentr-o sticl\u0103 cu pulverizator. Dup\u0103 ce \u021bi-ai pus m\u0103nu\u0219i pentru protec\u021bie, pulverizeaz\u0103 o sec\u021biune mai mic\u0103 ca prob\u0103 pentru a te asigura c\u0103 nu prezin\u021bi vreo alergie. Dup\u0103 ce ai pulverizat tot p\u0103rul \u0219i ai ajuns la culoarea dorit\u0103, acoper\u0103-l cu un propsop \u0219i l\u0103sa s\u0103 ac\u021bioneze timp de 15-40 min, \u00een func\u021bie de ce rezultat dore\u0219ti. La final cl\u0103te\u0219te bine p\u0103rul.<\/span><\/p>\n<h3><span style=\"font-weight: 400;\">Decolorarea parului cu lamaie<\/span><\/h3>\n<p><span style=\"font-weight: 400;\">Pentru decolorarea p\u0103rului cu l\u0103m\u00e2ie ai nevoie de:<\/span><\/p>\n<ul>\n<li><span style=\"font-weight: 400;\"> \u00a0 \u00a0 \u00a0 L\u0103m\u00e2ie proasp\u0103t\u0103;<\/span><\/li>\n<li><span style=\"font-weight: 400;\"> \u00a0 \u00a0 \u00a0 Ap\u0103 cald\u0103;<\/span><\/li>\n<li><span style=\"font-weight: 400;\"> \u00a0 \u00a0 \u00a0 Sticl\u0103 cu pulverizator;<\/span><\/li>\n<\/ul>\n<p><span style=\"font-weight: 400;\">\u00a0<\/span><span style=\"font-weight: 400;\">Se stoarce l\u0103m\u00e2ia \u00eentr-un bol, iar mai apoi se adaug\u0103 ap\u0103 cald\u0103 \u00een a\u0219a fel \u00eenc\u00e2t apa s\u0103 ocupe 2\/3 din compozi\u021bie. Dup\u0103 ce se amestec\u0103, se toarn\u0103 \u00een sticla cu pulverizator. Dup\u0103 \u00ee\u021bi alegi zonele pe care ai dori s\u0103 le luminezi, pulverizeaz\u0103 p\u0103rul \u0219i pune-te la soare \u2013 fiindc\u0103 sucul citricelor este activat de c\u0103ldur\u0103.\u00a0 Principalul motiv pentru care sucul de l\u0103m\u00e2ie decoloreaz\u0103 p\u0103rul se datoreaz\u0103 reac\u021biei care apare atunci c\u00e2nd este expus la lumina UV. De asemenea, l\u0103m\u00e2ia ajut\u0103 \u0219i la reducerea m\u0103tre\u021bei \u0219i a uleiului din p\u0103r.<\/span><\/p>\n<h3><span style=\"font-weight: 400;\">Decolorarea parului cu miere si scortisoara<\/span><\/h3>\n<p><span style=\"font-weight: 400;\">Ca s\u0103 \u00ee\u021bi decolorezi p\u0103rul cu miere vei avea nevoie de trei ingrediente:<\/span><\/p>\n<ul>\n<li><span style=\"font-weight: 400;\"> \u00a0 \u00a0 \u00a0 Miere \u2013 3 linguri;<\/span><\/li>\n<li><span style=\"font-weight: 400;\"> \u00a0 \u00a0 \u00a0 Scor\u021bi\u0219oar\u0103 \u2013 3 linguri;<\/span><\/li>\n<li><span style=\"font-weight: 400;\"> \u00a0 \u00a0 \u00a0 Balsam natural de p\u0103r \u2013 5 linguri;<\/span><\/li>\n<\/ul>\n<p><span style=\"font-weight: 400;\">Dac\u0103 ai p\u0103rul mediu spre scurt, po\u021bi \u00eenjum\u0103t\u0103\u021bi ingredientele men\u021bionate mai sus. \u00centr-un bol, amestec\u0103 toat\u0103 compozi\u021bia, care a fi aplicat\u0103 uniform pe fiecare \u0219uvi\u021b\u0103 cu ajutorul unei perii de vopsit. Dup\u0103 ce ai aplicat masca pe tot p\u0103rul, \u00eencearc\u0103 s\u0103 nu te apropii de zonele fe\u021bei pentru a evita reac\u021biile, prinde p\u0103rul \u00eentr-un coc.\u00a0<\/span><\/p>\n<p><span style=\"font-weight: 400;\">Cocul trebuie \u00eenf\u0103\u0219urat \u00eentr-o pung\u0103 de plastic, peste care un prosop \u2013 dup\u0103 30 de minute d\u0103 jos prosopul \u0219i mai a\u0219teapt\u0103 3-4 ore cu punga de plastic pe cap. Scor\u021bi\u0219oara are \u0219i numeroase beneficii \u2013 este \u00eembog\u0103\u021bit\u0103 \u00een substan\u021be nutritive \u0219i vitamine, iar atunci c\u00e2nd este aplicat\u0103 pe p\u0103r, poate \u00eembun\u0103t\u0103\u021bi s\u0103n\u0103tatea p\u0103rului, oferind un aspect str\u0103lucitor \u0219i s\u0103n\u0103tos.\u00a0 De asemenea, stimulreaz\u0103 cre\u0219terea p\u0103rului \u0219i reduce c\u0103derea prematur\u0103 a p\u0103rului<\/span><\/p>\n<p><span style=\"font-weight: 400;\">\u00a0<\/span><\/p>\n<h3><span style=\"font-weight: 400;\">Decolorarea parului cu otet<\/span><\/h3>\n<p><span style=\"font-weight: 400;\">Se toarn\u0103 o cantitate egal\u0103 de ap\u0103 \u0219i o\u021bet \u00eentr-o sticl\u0103 de pulverizare \u0219i se agit\u0103 pentru a se amesteca. Pulverizeaz\u0103 o\u021betul diluat pe tot p\u0103rul p\u00e2n\u0103 c\u00e2nd este complet saturat \u00een lichid. Timpul de ac\u021bionare este de aproximativ 30 de minute, apoi cl\u0103te\u0219te cu ap\u0103 cald\u0103.\u00a0 O\u021betul este l\u0103udat \u0219i pentru faptul c\u0103 este bogat \u00een vitamine \u0219i minerale bune pentru p\u0103r, cum ar fi vitamina C \u0219i B \u0219i, de asemenea, poate ajuta la m\u0103trea\u021b\u0103.\u00a0<\/span><\/p>\n<h2><span style=\"font-weight: 400;\">Decolorarea parului la salon vs. decolorarea parului acasa<\/span><\/h2>\n<p><span style=\"font-weight: 400;\">Este evident c\u0103 cea mai sigur\u0103 \u0219i eficient\u0103 metod\u0103 de decolorare se face la salon \u2013 dac\u0103 e\u0219ti pe m\u00e2na exper\u021bilor po\u021bi fi sigur\u0103 c\u0103 p\u0103rul t\u0103u nu are de suferit. C\u00e2nd vine vorba de decolorarea p\u0103rului acas\u0103, avantajul principal al decolor\u0103rii acas\u0103 este pre\u021bul, fiindc\u0103 este avantajos, trebuie s\u0103 fii preg\u0103tit\u0103 s\u0103 \u00ee\u021bi asumi ni\u0219te riscuri, precum deteriorarea p\u0103rului. P\u0103rul se arde foarte u\u0219or dac\u0103 nu ai experien\u021b\u0103 \u0219i exis\u0103 mereu riscul unei decolor\u0103ri neuniforme.\u00a0<\/span><span style=\"font-weight: 400;\">Po\u021bi oric\u00e2nd s\u0103 suni sau s\u0103 trimi\u021bi un mesaj pentru a te programa la decolorare la salonul Man!fest \u0219i te asigur\u0103m c\u0103 e\u0219ti pe m\u00e2ini bune.<\/span><\/p>\n<h2><span style=\"font-weight: 400;\">Produse care pot favoriza decolorarea parului<\/span><\/h2>\n<p><span style=\"font-weight: 400;\">Fiindc\u0103 p\u0103rul va fi destul de uscat \u0219i aspru dup\u0103 decolorare este recomandat s\u0103 fie hidratat \u00een profunzime \u2013 exist\u0103 multe m\u0103\u0219ti hidratante \u0219i revigorante care s\u0103 ajute p\u0103rul s\u0103 \u00ee\u0219i revin\u0103. Pentru a preveni pierderea proteinelor din p\u0103r, po\u021bi \u00eencerca \u0219i uleiul de cocos, pe care \u00eel po\u021bi aplica pe p\u0103r ca pe o masc\u0103 \u0219i s\u0103 a\u0219tep\u021bi 30-45 minute. Exist\u0103 multe alte veriante, dar in general, cele mai bune m\u0103\u0219ti \u0219i \u0219ampoane pentru p\u0103rul decolorat au ingrediente precum ulei de cocos, ulei de avocado, aloe vera, miere etc.<\/span><\/p>\n<h2><span style=\"font-weight: 400;\">Decolorarea parului: efecte si riscuri<\/span><\/h2>\n<p><span style=\"font-weight: 400;\">Este destul de clar c\u0103 dac\u0103 vrei s\u0103 \u00ee\u021bi decolorezi p\u0103rul vei fi nevoit\u0103 s\u0103 \u00ee\u021bi schimbi \u0219i rutina de \u00eengrijire pentru o \u00eentre\u021binere ridicat\u0103. Decolorarea p\u0103rului vine la pachet cu ni\u0219te dezavantaje precum modificarea firului de p\u0103r, devenind mai uscat, aspu \u0219i fragil. Vestea bun\u0103 este c\u0103 dac\u0103 p\u0103rul este \u00eengrijit corespunz\u0103tor \u00ee\u0219i va reveni foarte repede \u0219i nu va avea de suferit.<\/span><\/p>\n<h2><span style=\"font-weight: 400;\">Intrebari si raspunsuri despre decolorarea parului<\/span><\/h2>\n<h3><span style=\"font-weight: 400;\">Este indicata decolorarea parului in timpul sarcinii sau al alaptarii?<\/span><\/h3>\n<p><span style=\"font-weight: 400;\">Substan\u021bele chimice din vopselele de p\u0103r permanente \u0219i semipermanente nu sunt foarte toxice, iar exper\u021bii consider\u0103 c\u0103 nu este periculos s\u0103 te decolorezi \u00een timpul sarcinii.\u00a0<\/span><\/p>\n<h3><span style=\"font-weight: 400;\">Se poate decolora si vopsi parul in aceeasi zi?<\/span><\/h3>\n<p><span style=\"font-weight: 400;\">Da, este posibil s\u0103 v\u0103 decolora\u021bi \u0219i vopsi\u021bi p\u0103rul \u00een aceea\u0219i zi, acest lucru va afecta mult s\u0103n\u0103tatea p\u0103rului. Este recomandat s\u0103 oferi o pauz\u0103 p\u0103rului dup\u0103 decolorare, deoarece procesul de decolorare deterioreaz\u0103 p\u0103rul \u0219i devine mai sensibil.<\/span><\/p>\n<h3><span style=\"font-weight: 400;\">Cat dureaza procesul de decolorare a parului?<\/span><\/h3>\n<p><span style=\"font-weight: 400;\">Durata procesului de decolorare variaz\u0103 \u2013 poate dura de la 10-40 minute, \u00een func\u021bie de tipul \u0219i culoarea p\u0103rului.<\/span><\/p>\n<p><b>\u00a0<\/b><\/p>\n<h2><span style=\"font-weight: 400;\">Sfaturi de la profesionisti pentru parul decolorat<\/span><\/h2>\n<ul>\n<li><span style=\"font-weight: 400;\"> \u00a0 \u00a0 \u00a0 Folose\u0219te m\u0103\u0219ti hidratante \u0219i revigorante o dat\u0103 pe s\u0103pt\u0103m\u00e2n\u0103;<\/span><\/li>\n<li><span style=\"font-weight: 400;\"> \u00a0 \u00a0 \u00a0 Spal\u0103-te cu ap\u0103 c\u0103ldu\u021b\u0103 spre rece \u00een primele dou\u0103 s\u0103pt\u0103m\u00e2ni;<\/span><\/li>\n<li><span style=\"font-weight: 400;\"> \u00a0 \u00a0 \u00a0 Folose\u0219te uleiuri esen\u021biale pentru un plus de hidratare;<\/span><\/li>\n<li><span style=\"font-weight: 400;\"> \u00a0 \u00a0 \u00a0 Evit\u0103 usc\u0103toarele de p\u0103r, ondulatoarele sau pl\u0103cile de \u00eentins p\u0103rul;<\/span><\/li>\n<li><span style=\"font-weight: 400;\"> \u00a0 \u00a0 \u00a0 Folose\u0219te un pieptene cu din\u021bi rari \u00een locul periei de p\u0103r.<\/span><\/li>\n<\/ul>\n","protected":false},"excerpt":{"rendered":"<p>P\u0103rul este o modalitate excelent\u0103\u00a0 de a ne scoate \u00een eviden\u021b\u0103 stilul \u0219i personalitatea. De fiecare dat\u0103 c\u00e2nd vrem s\u0103 facem o schimbare radical\u0103 \u00een look-ul nostru, podoaba capilar\u0103 este prima pe list\u0103. \u00cen ultima perioad\u0103, tot mai multe persoane \u00ee\u0219i decoloreaz\u0103 p\u0103rul, at\u00e2t pentru a-\u0219i lumina look-ul \u00a0\u0219i a c\u0103p\u0103ta o str\u0103lucire, c\u00e2t \u0219i [&hellip;]<\/p>\n","protected":false},"author":2,"featured_media":2221,"comment_status":"closed","ping_status":"closed","sticky":false,"template":"","format":"standard","meta":{"_et_pb_use_builder":"","_et_pb_old_content":"","_et_gb_content_width":"","footnotes":""},"categories":[6,5],"tags":[],"class_list":["post-1839","post","type-post","status-publish","format-standard","has-post-thumbnail","hentry","category-decolorare-par","category-inspiratie"],"_links":{"self":[{"href":"https:\/\/salonmanifest.ro\/index.php?rest_route=\/wp\/v2\/posts\/1839","targetHints":{"allow":["GET"]}}],"collection":[{"href":"https:\/\/salonmanifest.ro\/index.php?rest_route=\/wp\/v2\/posts"}],"about":[{"href":"https:\/\/salonmanifest.ro\/index.php?rest_route=\/wp\/v2\/types\/post"}],"author":[{"embeddable":true,"href":"https:\/\/salonmanifest.ro\/index.php?rest_route=\/wp\/v2\/users\/2"}],"replies":[{"embeddable":true,"href":"https:\/\/salonmanifest.ro\/index.php?rest_route=%2Fwp%2Fv2%2Fcomments&post=1839"}],"version-history":[{"count":0,"href":"https:\/\/salonmanifest.ro\/index.php?rest_route=\/wp\/v2\/posts\/1839\/revisions"}],"wp:featuredmedia":[{"embeddable":true,"href":"https:\/\/salonmanifest.ro\/index.php?rest_route=\/wp\/v2\/media\/2221"}],"wp:attachment":[{"href":"https:\/\/salonmanifest.ro\/index.php?rest_route=%2Fwp%2Fv2%2Fmedia&parent=1839"}],"wp:term":[{"taxonomy":"category","embeddable":true,"href":"https:\/\/salonmanifest.ro\/index.php?rest_route=%2Fwp%2Fv2%2Fcategories&post=1839"},{"taxonomy":"post_tag","embeddable":true,"href":"https:\/\/salonmanifest.ro\/index.php?rest_route=%2Fwp%2Fv2%2Ftags&post=1839"}],"curies":[{"name":"wp","href":"https:\/\/api.w.org\/{rel}","templated":true}]}}